{"id":57636,"date":"2026-02-07T11:12:06","date_gmt":"2026-02-07T11:12:06","guid":{"rendered":"https:\/\/haberbesiktas.tr\/?p=57636"},"modified":"2026-02-07T11:12:06","modified_gmt":"2026-02-07T11:12:06","slug":"kasimpasadan-transferin-son-gununde-3-imza","status":"publish","type":"post","link":"https:\/\/haberbesiktas.tr\/?p=57636","title":{"rendered":"Kas\u0131mpa\u015fa&#8217;dan transferin son g\u00fcn\u00fcnde 3 imza"},"content":{"rendered":"<div>\n<div>S\u00fcper Lig gruplar\u0131ndan Kas\u0131mpa\u015fa, transferin son g\u00fcn\u00fcnde 3 oyuncuya birden imza att\u0131rd\u0131.<\/div>\n<div>\u00a0<\/div>\n<div>Lacivert-beyazl\u0131 kul\u00fcpten yap\u0131lan a\u00e7\u0131klamaya nazaran Alt\u0131nordu formas\u0131 giyen Burak G\u00fcltekin, \u0130ngiltere&#8217;nin Queens Park Rangers ekibinde oynayan Mehmet Burak Re\u00e7ber ve FC Shkupi&#8217;den Ahmet Kaan \u00d6zt\u00fcrk&#8217;le kontrat imzaland\u0131.<\/div>\n<div>\u00a0<\/div>\n<div>Kul\u00fcb\u00fcn Kemerburgaz&#8217;da bulunan tesislerinde ger\u00e7ekle\u015ftirilen imza merasiminde yeni transferlere Kas\u0131mpa\u015fa CEO&#8217;su Ceyhun Kar\u0131 e\u015flik etti.<\/div>\n<div>\u00a0<\/div>\n<div>Kas\u0131mpa\u015fa, yap\u0131lan transferleri, <strong>&#8220;Kendilerini Kas\u0131mpa\u015fam\u0131za ba\u011flayan kontrata imza atan gen\u00e7 futbolcular\u0131m\u0131za, armam\u0131z alt\u0131nda muvaffakiyetler dileriz. Be\u011fenilen geldiniz \u00e7ocuklar!&#8221;<\/strong> tabirleriyle duyurdu.<\/div>\n<div>\u00a0<\/div>\n<div><img decoding=\"async\" src=\"https:\/\/haberbesiktas.tr\/wp-content\/uploads\/2026\/02\/kasimpasadan-transferin-son-gununde-3-imza-0-kW7i3tgd.jpeg\"\/><\/div>\n<div><img decoding=\"async\" src=\"https:\/\/haberbesiktas.tr\/wp-content\/uploads\/2026\/02\/kasimpasadan-transferin-son-gununde-3-imza-1-7GfGD25k.jpeg\"\/><\/div>\n<div><img decoding=\"async\" src=\"https:\/\/haberbesiktas.tr\/wp-content\/uploads\/2026\/02\/kasimpasadan-transferin-son-gununde-3-imza-2-VOvfv6Jn.jpeg\"\/><\/div>\n<\/p><\/div>\n","protected":false},"excerpt":{"rendered":"<p>S\u00fcper Lig gruplar\u0131ndan Kas\u0131mpa\u015fa, transferin son g\u00fcn\u00fcnde Burak G\u00fcltekin, Mehmet Burak Re\u00e7ber ve Ahmet Kaan \u00d6zt\u00fcrk&#8217;\u00fc tak\u0131m\u0131na katt\u0131\u011f\u0131n\u0131 a\u00e7\u0131klad\u0131.<\/p>\n","protected":false},"author":1,"featured_media":57637,"comment_status":"open","ping_status":"open","sticky":false,"template":"","format":"standard","meta":{"footnotes":""},"categories":[25],"tags":[],"class_list":["post-57636","post","type-post","status-publish","format-standard","has-post-thumbnail","hentry","category-futbol"],"_links":{"self":[{"href":"https:\/\/haberbesiktas.tr\/index.php?rest_route=\/wp\/v2\/posts\/57636","targetHints":{"allow":["GET"]}}],"collection":[{"href":"https:\/\/haberbesiktas.tr\/index.php?rest_route=\/wp\/v2\/posts"}],"about":[{"href":"https:\/\/haberbesiktas.tr\/index.php?rest_route=\/wp\/v2\/types\/post"}],"author":[{"embeddable":true,"href":"https:\/\/haberbesiktas.tr\/index.php?rest_route=\/wp\/v2\/users\/1"}],"replies":[{"embeddable":true,"href":"https:\/\/haberbesiktas.tr\/index.php?rest_route=%2Fwp%2Fv2%2Fcomments&post=57636"}],"version-history":[{"count":1,"href":"https:\/\/haberbesiktas.tr\/index.php?rest_route=\/wp\/v2\/posts\/57636\/revisions"}],"predecessor-version":[{"id":57641,"href":"https:\/\/haberbesiktas.tr\/index.php?rest_route=\/wp\/v2\/posts\/57636\/revisions\/57641"}],"wp:featuredmedia":[{"embeddable":true,"href":"https:\/\/haberbesiktas.tr\/index.php?rest_route=\/wp\/v2\/media\/57637"}],"wp:attachment":[{"href":"https:\/\/haberbesiktas.tr\/index.php?rest_route=%2Fwp%2Fv2%2Fmedia&parent=57636"}],"wp:term":[{"taxonomy":"category","embeddable":true,"href":"https:\/\/haberbesiktas.tr\/index.php?rest_route=%2Fwp%2Fv2%2Fcategories&post=57636"},{"taxonomy":"post_tag","embeddable":true,"href":"https:\/\/haberbesiktas.tr\/index.php?rest_route=%2Fwp%2Fv2%2Ftags&post=57636"}],"curies":[{"name":"wp","href":"https:\/\/api.w.org\/{rel}","templated":true}]}}