{"id":57642,"date":"2026-02-07T11:24:06","date_gmt":"2026-02-07T11:24:06","guid":{"rendered":"https:\/\/haberbesiktas.tr\/?p=57642"},"modified":"2026-02-07T11:24:06","modified_gmt":"2026-02-07T11:24:06","slug":"walid-regraguinin-istifa-iddialari-yalanlandi","status":"publish","type":"post","link":"https:\/\/haberbesiktas.tr\/?p=57642","title":{"rendered":"Walid Regragui&#8217;nin istifa iddialar\u0131 yalanland\u0131"},"content":{"rendered":"<div>\n<div>Walid Regragui&#8217;nin Fas Ulusal Grubu&#8217;ndan istifa etti\u011fi arg\u00fcmanlar\u0131 g\u00fcndeme geldi.<\/div>\n<div>\u00a0<\/div>\n<div>Regragui&#8217;nin turnuva sonras\u0131 y\u0131prand\u0131\u011f\u0131 ve D\u00fcnya Kupas\u0131 \u00f6ncesi ayr\u0131lmak istedi\u011fi \u00f6ne s\u00fcr\u00fcld\u00fc.<\/div>\n<div>\u00a0<\/div>\n<div>Ancak Fas Kraliyet Futbol Federasyonu (FRMF), teknik y\u00f6neticinin istifa etti\u011fi taraf\u0131ndaki haberleri yalanlad\u0131.<\/div>\n<div>\u00a0<\/div>\n<div>Federasyon, Regragui&#8217;nin misyonuna devam etti\u011fini a\u00e7\u0131klad\u0131. \u0130\u015fte kelam konusu a\u00e7\u0131klama:<\/div>\n<div>\u00a0<\/div>\n<div><strong>&#8220;Fas Kraliyet Futbol Federasyonu, kimi medya organlar\u0131nda ulusal grup teknik y\u00f6neticisi Say\u0131n Walid Regragui&#8217;nin istifa etti\u011fine dair yer alan bilgileri kesin bir lisanla yalanlamaktad\u0131r&#8221;<\/strong><\/div>\n<\/p><\/div>\n","protected":false},"excerpt":{"rendered":"<p>Fas Kraliyet Futbol Federasyonu, teknik y\u00f6netici Walid Regragui&#8217;nin ulusal kadrodan istifa etti\u011fi taraf\u0131ndaki haberler i\u00e7in a\u00e7\u0131klama yapt\u0131.<\/p>\n","protected":false},"author":1,"featured_media":57643,"comment_status":"open","ping_status":"open","sticky":false,"template":"","format":"standard","meta":{"footnotes":""},"categories":[25],"tags":[],"class_list":["post-57642","post","type-post","status-publish","format-standard","has-post-thumbnail","hentry","category-futbol"],"_links":{"self":[{"href":"https:\/\/haberbesiktas.tr\/index.php?rest_route=\/wp\/v2\/posts\/57642","targetHints":{"allow":["GET"]}}],"collection":[{"href":"https:\/\/haberbesiktas.tr\/index.php?rest_route=\/wp\/v2\/posts"}],"about":[{"href":"https:\/\/haberbesiktas.tr\/index.php?rest_route=\/wp\/v2\/types\/post"}],"author":[{"embeddable":true,"href":"https:\/\/haberbesiktas.tr\/index.php?rest_route=\/wp\/v2\/users\/1"}],"replies":[{"embeddable":true,"href":"https:\/\/haberbesiktas.tr\/index.php?rest_route=%2Fwp%2Fv2%2Fcomments&post=57642"}],"version-history":[{"count":1,"href":"https:\/\/haberbesiktas.tr\/index.php?rest_route=\/wp\/v2\/posts\/57642\/revisions"}],"predecessor-version":[{"id":57644,"href":"https:\/\/haberbesiktas.tr\/index.php?rest_route=\/wp\/v2\/posts\/57642\/revisions\/57644"}],"wp:featuredmedia":[{"embeddable":true,"href":"https:\/\/haberbesiktas.tr\/index.php?rest_route=\/wp\/v2\/media\/57643"}],"wp:attachment":[{"href":"https:\/\/haberbesiktas.tr\/index.php?rest_route=%2Fwp%2Fv2%2Fmedia&parent=57642"}],"wp:term":[{"taxonomy":"category","embeddable":true,"href":"https:\/\/haberbesiktas.tr\/index.php?rest_route=%2Fwp%2Fv2%2Fcategories&post=57642"},{"taxonomy":"post_tag","embeddable":true,"href":"https:\/\/haberbesiktas.tr\/index.php?rest_route=%2Fwp%2Fv2%2Ftags&post=57642"}],"curies":[{"name":"wp","href":"https:\/\/api.w.org\/{rel}","templated":true}]}}