{"id":57645,"date":"2026-02-07T11:36:04","date_gmt":"2026-02-07T11:36:04","guid":{"rendered":"https:\/\/haberbesiktas.tr\/?p=57645"},"modified":"2026-02-07T11:36:04","modified_gmt":"2026-02-07T11:36:04","slug":"genclerbirligi-baskani-arda-cakmak-bizde-kanteden-iyi-oyuncular-var","status":"publish","type":"post","link":"https:\/\/haberbesiktas.tr\/?p=57645","title":{"rendered":"Gen\u00e7lerbirli\u011fi Ba\u015fkan\u0131 Arda \u00c7akmak: &#8220;Bizde Kante&#8217;den iyi oyuncular var&#8221;"},"content":{"rendered":"<div>Gen\u00e7lerbirli\u011fi Ba\u015fkan\u0131 Arda \u00c7akmak, 9 \u015eubat Pazartesi g\u00fcn\u00fc Fenerbah\u00e7e&#8217;yle oynayacaklar\u0131 S\u00fcper Lig ma\u00e7\u0131 \u00f6ncesi HT Spor&#8217;a dikkat \u00e7eken a\u00e7\u0131klamalarda bulundu.<\/p>\n<p> <strong>&#8220;B\u0130ZDE KANTE&#8217;DEN UYGUN FUTBOLCULAR VAR&#8221;<\/strong><\/p>\n<p> N&#8217;Golo Kante&#8217;nin transferiyle ilgili de\u011ferlendirmelerde bulunan \u00c7akmak; <strong>&#8220;Kante, d\u00fcnya futbolunda de\u011ferli bir isim ve yeri var. Ama Gen\u00e7lerbirli\u011fi Ba\u015fkan\u0131 olarak s\u00f6yl\u00fcyorum, bizde Kante&#8217;den daha g\u00fczel futbolcular var&#8221;<\/strong>\u00a0dedi.<\/p>\n<p> <strong>&#8220;\u0130Y\u0130 OLAN PAZARTES\u0130 G\u00d6R\u00dcLECEK&#8221;<\/strong><\/p>\n<p> Fenerbah\u00e7e ma\u00e7\u0131 i\u00e7in konu\u015fan \u00c7akmak,<strong> &#8220;\u0130yi olan pazartesi g\u00fcn\u00fc g\u00f6r\u00fclecek, \u00e2l\u00e2 olan da kazanacak.&#8221;<\/strong> s\u00f6zlerini kulland\u0131.<\/p>\n<\/div>\n","protected":false},"excerpt":{"rendered":"<p>Fenerbah\u00e7e ma\u00e7\u0131 \u00f6ncesi konu\u015fan Gen\u00e7lerbirli\u011fi Ba\u015fkan\u0131 Arda \u00c7akmak, dikkat \u00e7eken s\u00f6zler kulland\u0131.<\/p>\n","protected":false},"author":1,"featured_media":57646,"comment_status":"open","ping_status":"open","sticky":false,"template":"","format":"standard","meta":{"footnotes":""},"categories":[25],"tags":[],"class_list":["post-57645","post","type-post","status-publish","format-standard","has-post-thumbnail","hentry","category-futbol"],"_links":{"self":[{"href":"https:\/\/haberbesiktas.tr\/index.php?rest_route=\/wp\/v2\/posts\/57645","targetHints":{"allow":["GET"]}}],"collection":[{"href":"https:\/\/haberbesiktas.tr\/index.php?rest_route=\/wp\/v2\/posts"}],"about":[{"href":"https:\/\/haberbesiktas.tr\/index.php?rest_route=\/wp\/v2\/types\/post"}],"author":[{"embeddable":true,"href":"https:\/\/haberbesiktas.tr\/index.php?rest_route=\/wp\/v2\/users\/1"}],"replies":[{"embeddable":true,"href":"https:\/\/haberbesiktas.tr\/index.php?rest_route=%2Fwp%2Fv2%2Fcomments&post=57645"}],"version-history":[{"count":1,"href":"https:\/\/haberbesiktas.tr\/index.php?rest_route=\/wp\/v2\/posts\/57645\/revisions"}],"predecessor-version":[{"id":57647,"href":"https:\/\/haberbesiktas.tr\/index.php?rest_route=\/wp\/v2\/posts\/57645\/revisions\/57647"}],"wp:featuredmedia":[{"embeddable":true,"href":"https:\/\/haberbesiktas.tr\/index.php?rest_route=\/wp\/v2\/media\/57646"}],"wp:attachment":[{"href":"https:\/\/haberbesiktas.tr\/index.php?rest_route=%2Fwp%2Fv2%2Fmedia&parent=57645"}],"wp:term":[{"taxonomy":"category","embeddable":true,"href":"https:\/\/haberbesiktas.tr\/index.php?rest_route=%2Fwp%2Fv2%2Fcategories&post=57645"},{"taxonomy":"post_tag","embeddable":true,"href":"https:\/\/haberbesiktas.tr\/index.php?rest_route=%2Fwp%2Fv2%2Ftags&post=57645"}],"curies":[{"name":"wp","href":"https:\/\/api.w.org\/{rel}","templated":true}]}}