{"id":57648,"date":"2026-02-07T11:48:06","date_gmt":"2026-02-07T11:48:06","guid":{"rendered":"https:\/\/haberbesiktas.tr\/?p=57648"},"modified":"2026-02-07T11:48:06","modified_gmt":"2026-02-07T11:48:06","slug":"fenerbahce-uefa-avrupa-ligi-kadrosunu-guncelledi","status":"publish","type":"post","link":"https:\/\/haberbesiktas.tr\/?p=57648","title":{"rendered":"Fenerbah\u00e7e, UEFA Avrupa Ligi kadrosunu g\u00fcncelledi"},"content":{"rendered":"<div>\n<div>Fenerbah\u00e7e, orta trasnfer periyodundaki ger\u00e7ekle\u015ftirdi\u011fi at\u0131l\u0131mlar sonras\u0131 UEFA Avrupa Ligi tak\u0131m\u0131n\u0131 g\u00fcncelledi.<\/div>\n<div>\u00a0<\/div>\n<div>Sar\u0131-lacivertli kul\u00fcp, UEFA&#8217;ya bildirilen geni\u015f tak\u0131ma \u00fc\u00e7 yeni isim ekledi.<\/div>\n<div>\u00a0<\/div>\n<div><strong>Kadroya eklenenler:<\/strong><\/div>\n<div>\u00a0<\/div>\n<div>&#8211; N&#8217;Golo Kante<\/div>\n<div>\u00a0<\/div>\n<div>&#8211; Matteo Guendouzi<\/div>\n<div>\u00a0<\/div>\n<div>&#8211; Sidiki Cherif<\/div>\n<\/p><\/div>\n","protected":false},"excerpt":{"rendered":"<p>Fenerbah\u00e7e, orta transfer devrindeki ataklar\u0131n\u0131n akabinde UEFA&#8217;ya bildirilen tak\u0131m\u0131na \u00fc\u00e7 yeni ismi ekledi.<\/p>\n","protected":false},"author":1,"featured_media":57649,"comment_status":"open","ping_status":"open","sticky":false,"template":"","format":"standard","meta":{"footnotes":""},"categories":[25],"tags":[],"class_list":["post-57648","post","type-post","status-publish","format-standard","has-post-thumbnail","hentry","category-futbol"],"_links":{"self":[{"href":"https:\/\/haberbesiktas.tr\/index.php?rest_route=\/wp\/v2\/posts\/57648","targetHints":{"allow":["GET"]}}],"collection":[{"href":"https:\/\/haberbesiktas.tr\/index.php?rest_route=\/wp\/v2\/posts"}],"about":[{"href":"https:\/\/haberbesiktas.tr\/index.php?rest_route=\/wp\/v2\/types\/post"}],"author":[{"embeddable":true,"href":"https:\/\/haberbesiktas.tr\/index.php?rest_route=\/wp\/v2\/users\/1"}],"replies":[{"embeddable":true,"href":"https:\/\/haberbesiktas.tr\/index.php?rest_route=%2Fwp%2Fv2%2Fcomments&post=57648"}],"version-history":[{"count":1,"href":"https:\/\/haberbesiktas.tr\/index.php?rest_route=\/wp\/v2\/posts\/57648\/revisions"}],"predecessor-version":[{"id":57650,"href":"https:\/\/haberbesiktas.tr\/index.php?rest_route=\/wp\/v2\/posts\/57648\/revisions\/57650"}],"wp:featuredmedia":[{"embeddable":true,"href":"https:\/\/haberbesiktas.tr\/index.php?rest_route=\/wp\/v2\/media\/57649"}],"wp:attachment":[{"href":"https:\/\/haberbesiktas.tr\/index.php?rest_route=%2Fwp%2Fv2%2Fmedia&parent=57648"}],"wp:term":[{"taxonomy":"category","embeddable":true,"href":"https:\/\/haberbesiktas.tr\/index.php?rest_route=%2Fwp%2Fv2%2Fcategories&post=57648"},{"taxonomy":"post_tag","embeddable":true,"href":"https:\/\/haberbesiktas.tr\/index.php?rest_route=%2Fwp%2Fv2%2Ftags&post=57648"}],"curies":[{"name":"wp","href":"https:\/\/api.w.org\/{rel}","templated":true}]}}