{"id":57651,"date":"2026-02-07T12:00:05","date_gmt":"2026-02-07T12:00:05","guid":{"rendered":"https:\/\/haberbesiktas.tr\/?p=57651"},"modified":"2026-02-07T12:00:05","modified_gmt":"2026-02-07T12:00:05","slug":"sakaryasporda-2-transfer-2-ayrilik","status":"publish","type":"post","link":"https:\/\/haberbesiktas.tr\/?p=57651","title":{"rendered":"Sakaryaspor&#8217;da 2 transfer, 2 ayr\u0131l\u0131k"},"content":{"rendered":"<div>\n<div>Trendyol 1. Lig gruplar\u0131ndan Sakaryaspor, orta saha Sergio Pena ve kaleci Mehmet Ataberk Dadakdeniz&#8217;i tak\u0131m\u0131na katt\u0131.<\/div>\n<div>\u00a0<\/div>\n<div>Kul\u00fcb\u00fcn ABD merkezli X \u015firketinin toplumsal medya platformundaki hesab\u0131ndan yap\u0131lan a\u00e7\u0131klamalarda, Perulu 30 ya\u015f\u0131ndaki Sergio Pena ve 26 ya\u015f\u0131ndaki Mehmet Ataberk Dadakdeniz ile mutabakata var\u0131ld\u0131\u011f\u0131 belirtildi.<\/div>\n<div>\u00a0<\/div>\n<div>\u00d6te yandan Gael Kakuta ve Dimitrios Kolovetsios&#8217;la da anla\u015f\u0131larak yollar\u0131n ayr\u0131ld\u0131\u011f\u0131 tabir edildi.<\/div>\n<\/p><\/div>\n","protected":false},"excerpt":{"rendered":"<p>Sakaryaspor, orta saha oyuncusu Sergio Pena ve kaleci Mehmet Ataberk Dadakdeniz&#8217;i tak\u0131m\u0131na katt\u0131\u011f\u0131n\u0131 a\u00e7\u0131klad\u0131; Gael Kakuta ve Dimitrios Kolovetsios ile yollar ayr\u0131ld\u0131.<\/p>\n","protected":false},"author":1,"featured_media":57652,"comment_status":"open","ping_status":"open","sticky":false,"template":"","format":"standard","meta":{"footnotes":""},"categories":[25],"tags":[],"class_list":["post-57651","post","type-post","status-publish","format-standard","has-post-thumbnail","hentry","category-futbol"],"_links":{"self":[{"href":"https:\/\/haberbesiktas.tr\/index.php?rest_route=\/wp\/v2\/posts\/57651","targetHints":{"allow":["GET"]}}],"collection":[{"href":"https:\/\/haberbesiktas.tr\/index.php?rest_route=\/wp\/v2\/posts"}],"about":[{"href":"https:\/\/haberbesiktas.tr\/index.php?rest_route=\/wp\/v2\/types\/post"}],"author":[{"embeddable":true,"href":"https:\/\/haberbesiktas.tr\/index.php?rest_route=\/wp\/v2\/users\/1"}],"replies":[{"embeddable":true,"href":"https:\/\/haberbesiktas.tr\/index.php?rest_route=%2Fwp%2Fv2%2Fcomments&post=57651"}],"version-history":[{"count":1,"href":"https:\/\/haberbesiktas.tr\/index.php?rest_route=\/wp\/v2\/posts\/57651\/revisions"}],"predecessor-version":[{"id":57653,"href":"https:\/\/haberbesiktas.tr\/index.php?rest_route=\/wp\/v2\/posts\/57651\/revisions\/57653"}],"wp:featuredmedia":[{"embeddable":true,"href":"https:\/\/haberbesiktas.tr\/index.php?rest_route=\/wp\/v2\/media\/57652"}],"wp:attachment":[{"href":"https:\/\/haberbesiktas.tr\/index.php?rest_route=%2Fwp%2Fv2%2Fmedia&parent=57651"}],"wp:term":[{"taxonomy":"category","embeddable":true,"href":"https:\/\/haberbesiktas.tr\/index.php?rest_route=%2Fwp%2Fv2%2Fcategories&post=57651"},{"taxonomy":"post_tag","embeddable":true,"href":"https:\/\/haberbesiktas.tr\/index.php?rest_route=%2Fwp%2Fv2%2Ftags&post=57651"}],"curies":[{"name":"wp","href":"https:\/\/api.w.org\/{rel}","templated":true}]}}