{"id":57657,"date":"2026-02-07T12:24:05","date_gmt":"2026-02-07T12:24:05","guid":{"rendered":"https:\/\/haberbesiktas.tr\/?p=57657"},"modified":"2026-02-07T12:24:05","modified_gmt":"2026-02-07T12:24:05","slug":"can-armando-guner-ben-galatasaray-ile-buyudum","status":"publish","type":"post","link":"https:\/\/haberbesiktas.tr\/?p=57657","title":{"rendered":"Can Armando G\u00fcner: &#8220;Ben Galatasaray ile b\u00fcy\u00fcd\u00fcm&#8221;"},"content":{"rendered":"<div>\n<div>\u00a0<\/div>\n<div>Galatasaray&#8217;\u0131n orta transfer devrinde Borussia M\u00f6nchengladbach&#8217;tan tak\u0131m\u0131na katt\u0131\u011f\u0131 Can Armando G\u00fcner, imza merasiminin akabinde a\u00e7\u0131klamalarda bulundu.<\/div>\n<div>\u00a0<\/div>\n<div>Transferiyle ilgili konu\u015fan G\u00fcner,<strong> &#8220;B\u00fcy\u00fcd\u00fc\u011f\u00fcm grup i\u00e7in oynamak benim i\u00e7in gurur. Babam \u00e7ok b\u00fcy\u00fck Galatasaray taraftar\u0131yd\u0131. Bu nedenle benim i\u00e7in de di\u011fer tercih olmad\u0131. Sahip oldu\u011fum birinci forma Galatasaray formas\u0131. Ben Galatasaray ile b\u00fcy\u00fcd\u00fcm. Ailemde herkes Galatasarayl\u0131yd\u0131. O y\u00fczden yaln\u0131zca Galatasaray!&#8221;<\/strong> tabirlerini kulland\u0131.<\/div>\n<div>\u00a0<\/div>\n<div>Forma giymek i\u00e7in sab\u0131rs\u0131zland\u0131\u011f\u0131n\u0131 lisana getiren gen\u00e7 yetenek, kadro arkada\u015flar\u0131n\u0131n kendisini \u00e7ok uygun kar\u015f\u0131lad\u0131\u011f\u0131n\u0131 s\u00f6yledi.<\/div>\n<\/p><\/div>\n","protected":false},"excerpt":{"rendered":"<p>Galatasaray&#8217;a transfer olan Can Armando G\u00fcner, a\u00e7\u0131klamalarda bulundu.<\/p>\n","protected":false},"author":1,"featured_media":57658,"comment_status":"open","ping_status":"open","sticky":false,"template":"","format":"standard","meta":{"footnotes":""},"categories":[25],"tags":[129],"class_list":["post-57657","post","type-post","status-publish","format-standard","has-post-thumbnail","hentry","category-futbol","tag-galatasaray"],"_links":{"self":[{"href":"https:\/\/haberbesiktas.tr\/index.php?rest_route=\/wp\/v2\/posts\/57657","targetHints":{"allow":["GET"]}}],"collection":[{"href":"https:\/\/haberbesiktas.tr\/index.php?rest_route=\/wp\/v2\/posts"}],"about":[{"href":"https:\/\/haberbesiktas.tr\/index.php?rest_route=\/wp\/v2\/types\/post"}],"author":[{"embeddable":true,"href":"https:\/\/haberbesiktas.tr\/index.php?rest_route=\/wp\/v2\/users\/1"}],"replies":[{"embeddable":true,"href":"https:\/\/haberbesiktas.tr\/index.php?rest_route=%2Fwp%2Fv2%2Fcomments&post=57657"}],"version-history":[{"count":1,"href":"https:\/\/haberbesiktas.tr\/index.php?rest_route=\/wp\/v2\/posts\/57657\/revisions"}],"predecessor-version":[{"id":57659,"href":"https:\/\/haberbesiktas.tr\/index.php?rest_route=\/wp\/v2\/posts\/57657\/revisions\/57659"}],"wp:featuredmedia":[{"embeddable":true,"href":"https:\/\/haberbesiktas.tr\/index.php?rest_route=\/wp\/v2\/media\/57658"}],"wp:attachment":[{"href":"https:\/\/haberbesiktas.tr\/index.php?rest_route=%2Fwp%2Fv2%2Fmedia&parent=57657"}],"wp:term":[{"taxonomy":"category","embeddable":true,"href":"https:\/\/haberbesiktas.tr\/index.php?rest_route=%2Fwp%2Fv2%2Fcategories&post=57657"},{"taxonomy":"post_tag","embeddable":true,"href":"https:\/\/haberbesiktas.tr\/index.php?rest_route=%2Fwp%2Fv2%2Ftags&post=57657"}],"curies":[{"name":"wp","href":"https:\/\/api.w.org\/{rel}","templated":true}]}}