{"id":57660,"date":"2026-02-07T12:36:09","date_gmt":"2026-02-07T12:36:09","guid":{"rendered":"https:\/\/haberbesiktas.tr\/?p=57660"},"modified":"2026-02-07T12:36:09","modified_gmt":"2026-02-07T12:36:09","slug":"besiktas-tarihindeki-ucuncu-fildisi-sahilli-agbadou","status":"publish","type":"post","link":"https:\/\/haberbesiktas.tr\/?p=57660","title":{"rendered":"Be\u015fikta\u015f tarihindeki \u00fc\u00e7\u00fcnc\u00fc Fildi\u015fi Sahilli: Agbadou"},"content":{"rendered":"<div>\n<div>Be\u015fikta\u015f, daha evvel 57 farkl\u0131 \u00fclkeden 197 yabanc\u0131 futbolcuyla kontrat imzalad\u0131. Siyah-beyazl\u0131 kul\u00fcb\u00fcn 18 milyon avro kar\u015f\u0131l\u0131\u011f\u0131nda 4,5 d\u00f6nemli\u011fine renklerine ba\u011flad\u0131\u011f\u0131 28 ya\u015f\u0131ndaki stoper, kul\u00fcp tarihinin 198. yabanc\u0131 futbolcusu olarak tarihe ge\u00e7ti.<\/div>\n<div>\u00a0<\/div>\n<div>Agbadou, Be\u015fikta\u015f&#8217;\u0131n devre ortas\u0131nda Yasin \u00d6zcan, Kristjan Asllani, Junior Olaitan ve Hyeon-gyu Oh&#8217;tan sonra transfer etti\u011fi be\u015finci futbolcu oldu.<\/div>\n<div>\u00a0<\/div>\n<div><strong>&#8211; Avrupa&#8217;ya Eupen ile ad\u0131m att\u0131<\/strong><\/div>\n<div>\u00a0<\/div>\n<div>Emmanuel Agbadou, 2019 y\u0131l\u0131nda \u00fclkesi kadrolar\u0131ndan San Pedro&#8217;dan Tunus tak\u0131m\u0131 US Monastir&#8217;e kiral\u0131k olarak transfer oldu.<\/div>\n<div>\u00a0<\/div>\n<div>Burada g\u00f6sterdi\u011fi performansla Bel\u00e7ika temsilcisi Eupen&#8217;in dikkatini \u00e7eken Agbadou, Eyl\u00fcl 2020&#8217;de bu kul\u00fcb\u00fcn formas\u0131na giymeye ba\u015flad\u0131.<\/div>\n<div>\u00a0<\/div>\n<div>Eupen&#8217;de 2 d\u00f6nemde 64 ma\u00e7ta 6 goll\u00fck katk\u0131 yapan 28 ya\u015f\u0131ndaki futbolcunun bir sonraki dura\u011f\u0131 Temmuz 2022&#8217;de Fransa oldu. Eupen&#8217;den Fransa grubu Reims&#8217;e transfer olan Fildi\u015fi K\u0131y\u0131l\u0131 oyuncu, 2,5 d\u00f6nemde 80 m\u00fcsabakada misyon yapt\u0131 ve 3 kere rakip a\u011flar\u0131 sarst\u0131.<\/div>\n<div>\u00a0<\/div>\n<div>Kariyeri daima \u00fcste ivmelen Agbadou, o d\u00f6nemki teknik y\u00f6netici Vitor Pereira taraf\u0131ndan \u0130ngiltere Premier Lig kadrolar\u0131ndan Wolverhampton&#8217;a transfer edildi. Ge\u00e7en d\u00f6nem devre ortas\u0131nda Wolverhampton&#8217;a transfer olan tecr\u00fcbeli stoper, 35 ma\u00e7ta 1 gol att\u0131.<\/div>\n<div>\u00a0<\/div>\n<div>&#8220;Ada&#8221;da 1 y\u0131ll\u0131k tecr\u00fcbenin akabinde Be\u015fikta\u015f&#8217;\u0131n transfer listesine giren Agbadou, idarenin a\u011f\u0131r \u00e7al\u0131\u015fmas\u0131 sonucunda siyah-beyazl\u0131 formay\u0131 giydi.<\/div>\n<div>\u00a0<\/div>\n<div><strong>&#8211; Be\u015fikta\u015f tarihindeki \u00fc\u00e7\u00fcnc\u00fc Fildi\u015fi K\u0131y\u0131l\u0131 futbolcu<\/strong><\/div>\n<div>\u00a0<\/div>\n<div>Emmanuel Agbadou, Be\u015fikta\u015f&#8217;\u0131n tarihindeki \u00fc\u00e7\u00fcnc\u00fc Fildi\u015fi K\u0131y\u0131l\u0131 oyuncu olarak kay\u0131tlara ge\u00e7ti.<\/div>\n<div>\u00a0<\/div>\n<div>Siyah-beyazl\u0131lar, daha evvel 57 farkl\u0131 \u00fclkeden 197 yabanc\u0131 futbolcuyu renklerine ba\u011flad\u0131. Agbadou, savunma oyuncular\u0131 Eric Bailly ve Badra Cisse&#8217;den sonra siyah-beyazl\u0131larda Fildi\u015fi K\u0131y\u0131s\u0131 vatanda\u015fl\u0131\u011f\u0131na sahip \u00fc\u00e7\u00fcnc\u00fc futbolcu oldu.<\/div>\n<div>\u00a0<\/div>\n<div>\u00d6te yandan Be\u015fikta\u015f&#8217;\u0131n tak\u0131m\u0131na katt\u0131\u011f\u0131 Fildi\u015fi K\u0131y\u0131l\u0131 futbolcular\u0131n \u00fc\u00e7\u00fcn\u00fcn de savunma oyuncusu olmas\u0131 dikkati \u00e7ekti.<\/div>\n<div>\u00a0<\/div>\n<div><strong>&#8211; Ulusal formay\u0131 18 sefer giydi<\/strong><\/div>\n<div>\u00a0<\/div>\n<div>Emmanuel Agbadou, Fildi\u015fi K\u0131y\u0131s\u0131 Ulusal Ekibi formas\u0131n\u0131 18 defa giydi.<\/div>\n<div>\u00a0<\/div>\n<div>Deneyimli savunmac\u0131, ulusal formay\u0131 birinci sefer D\u00fcnya Kupas\u0131 Afrika Elemeleri&#8217;nde s\u0131rt\u0131na ge\u00e7irdi. 8 Ekim 2021&#8217;de birinci ma\u00e7\u0131na Malavi kar\u015f\u0131s\u0131nda \u00e7\u0131kan 28 ya\u015f\u0131ndaki futbolcu, uzatma dakikalar\u0131nda teknik y\u00f6netici Patrice Beaumelle taraf\u0131ndan Serge Aurier&#8217;in yerine oyuna dahil olmu\u015ftu.<\/div>\n<div>\u00a0<\/div>\n<div>A ekip d\u00fczeyinde Fildi\u015fi K\u0131y\u0131s\u0131 formas\u0131n\u0131 18 defa giyen Agbadou, 2 gol kaydetti.<\/div>\n<div>\u00a0<\/div>\n<div><strong>&#8211; En fazla yabanc\u0131 transferi Brezilya&#8217;dan<\/strong><\/div>\n<div>\u00a0<\/div>\n<div>Siyah-beyazl\u0131lar, 1959&#8217;dan bu yana transfer hakk\u0131n\u0131 en fazla Brezilyal\u0131 futbolculardan yana kulland\u0131.<\/div>\n<div>\u00a0<\/div>\n<div>Be\u015fikta\u015f, bug\u00fcne dek Brezilya pasaportlu 24 oyuncuyu renklerine ba\u011flarken Almanya ve Portekiz 13&#8217;er futbolcuyla bu alanda ikinci, Yugoslavya ise 10 oyuncuyla \u00fc\u00e7\u00fcnc\u00fc s\u0131rada yer ald\u0131.<\/div>\n<\/p><\/div>\n","protected":false},"excerpt":{"rendered":"<p>Be\u015fikta\u015f&#8217;\u0131n \u0130ngiliz tak\u0131m\u0131 Wolverhampton&#8217;dan uzun u\u011fra\u015flar sonucunda transfer etti\u011fi savunma oyuncusu Emmanuel Agbadou, siyah-beyazl\u0131 kul\u00fcb\u00fcn tarihindeki \u00fc\u00e7\u00fcnc\u00fc Fildi\u015fi K\u0131y\u0131l\u0131 futbolcu oldu.<\/p>\n","protected":false},"author":1,"featured_media":57661,"comment_status":"open","ping_status":"open","sticky":false,"template":"","format":"standard","meta":{"footnotes":""},"categories":[25],"tags":[3634,71,4104,485,48],"class_list":["post-57660","post","type-post","status-publish","format-standard","has-post-thumbnail","hentry","category-futbol","tag-agbadou","tag-besiktas","tag-fildisi","tag-futbolcu","tag-transfer"],"_links":{"self":[{"href":"https:\/\/haberbesiktas.tr\/index.php?rest_route=\/wp\/v2\/posts\/57660","targetHints":{"allow":["GET"]}}],"collection":[{"href":"https:\/\/haberbesiktas.tr\/index.php?rest_route=\/wp\/v2\/posts"}],"about":[{"href":"https:\/\/haberbesiktas.tr\/index.php?rest_route=\/wp\/v2\/types\/post"}],"author":[{"embeddable":true,"href":"https:\/\/haberbesiktas.tr\/index.php?rest_route=\/wp\/v2\/users\/1"}],"replies":[{"embeddable":true,"href":"https:\/\/haberbesiktas.tr\/index.php?rest_route=%2Fwp%2Fv2%2Fcomments&post=57660"}],"version-history":[{"count":1,"href":"https:\/\/haberbesiktas.tr\/index.php?rest_route=\/wp\/v2\/posts\/57660\/revisions"}],"predecessor-version":[{"id":57662,"href":"https:\/\/haberbesiktas.tr\/index.php?rest_route=\/wp\/v2\/posts\/57660\/revisions\/57662"}],"wp:featuredmedia":[{"embeddable":true,"href":"https:\/\/haberbesiktas.tr\/index.php?rest_route=\/wp\/v2\/media\/57661"}],"wp:attachment":[{"href":"https:\/\/haberbesiktas.tr\/index.php?rest_route=%2Fwp%2Fv2%2Fmedia&parent=57660"}],"wp:term":[{"taxonomy":"category","embeddable":true,"href":"https:\/\/haberbesiktas.tr\/index.php?rest_route=%2Fwp%2Fv2%2Fcategories&post=57660"},{"taxonomy":"post_tag","embeddable":true,"href":"https:\/\/haberbesiktas.tr\/index.php?rest_route=%2Fwp%2Fv2%2Ftags&post=57660"}],"curies":[{"name":"wp","href":"https:\/\/api.w.org\/{rel}","templated":true}]}}