{"id":57672,"date":"2026-02-07T13:24:17","date_gmt":"2026-02-07T13:24:17","guid":{"rendered":"https:\/\/haberbesiktas.tr\/?p=57672"},"modified":"2026-02-07T13:24:17","modified_gmt":"2026-02-07T13:24:17","slug":"fenerbahcede-genclik-asisi-6-transfer-birden","status":"publish","type":"post","link":"https:\/\/haberbesiktas.tr\/?p=57672","title":{"rendered":"Fenerbah\u00e7e&#8217;de gen\u00e7lik a\u015f\u0131s\u0131: 6 transfer birden!"},"content":{"rendered":"<div>Ara transfer devrinin bitimine saatler kala, Fenerbah\u00e7e&#8217;de hareketli saatler ya\u015fand\u0131<\/p>\n<p> Sar\u0131-lacivertliler tam alt\u0131 yeni transfer ile tak\u0131m\u0131n\u0131 gen\u00e7le\u015ftirdi.<\/p>\n<p> Fenerbah\u00e7e, gen\u00e7 futbolcular Ali Demirbilek, Muhammed Baver Yorulmaz, \u00dcveys Yasir Sat\u0131k, Sadullah Yi\u011fit Kabaku\u015fak, Hasan Yakub \u0130l\u00e7in ve Cengiz Saido\u011flu&#8217;nu tak\u0131m\u0131na katt\u0131\u011f\u0131n\u0131 TFF&#8217;ye bildirdi.<\/p>\n<p> \u00a0<\/p>\n<p> \u00a0<\/p>\n<p> \u00a0<\/p>\n<div>\u00a0<\/div>\n<\/p><\/div>\n","protected":false},"excerpt":{"rendered":"<p>Fenerbah\u00e7e, orta transfer devrinin son saatlerinde alt\u0131 ismi tak\u0131m\u0131na dahil ederek gen\u00e7le\u015fme ata\u011f\u0131 yapt\u0131.<\/p>\n","protected":false},"author":1,"featured_media":57673,"comment_status":"open","ping_status":"open","sticky":false,"template":"","format":"standard","meta":{"footnotes":""},"categories":[25],"tags":[],"class_list":["post-57672","post","type-post","status-publish","format-standard","has-post-thumbnail","hentry","category-futbol"],"_links":{"self":[{"href":"https:\/\/haberbesiktas.tr\/index.php?rest_route=\/wp\/v2\/posts\/57672","targetHints":{"allow":["GET"]}}],"collection":[{"href":"https:\/\/haberbesiktas.tr\/index.php?rest_route=\/wp\/v2\/posts"}],"about":[{"href":"https:\/\/haberbesiktas.tr\/index.php?rest_route=\/wp\/v2\/types\/post"}],"author":[{"embeddable":true,"href":"https:\/\/haberbesiktas.tr\/index.php?rest_route=\/wp\/v2\/users\/1"}],"replies":[{"embeddable":true,"href":"https:\/\/haberbesiktas.tr\/index.php?rest_route=%2Fwp%2Fv2%2Fcomments&post=57672"}],"version-history":[{"count":1,"href":"https:\/\/haberbesiktas.tr\/index.php?rest_route=\/wp\/v2\/posts\/57672\/revisions"}],"predecessor-version":[{"id":57674,"href":"https:\/\/haberbesiktas.tr\/index.php?rest_route=\/wp\/v2\/posts\/57672\/revisions\/57674"}],"wp:featuredmedia":[{"embeddable":true,"href":"https:\/\/haberbesiktas.tr\/index.php?rest_route=\/wp\/v2\/media\/57673"}],"wp:attachment":[{"href":"https:\/\/haberbesiktas.tr\/index.php?rest_route=%2Fwp%2Fv2%2Fmedia&parent=57672"}],"wp:term":[{"taxonomy":"category","embeddable":true,"href":"https:\/\/haberbesiktas.tr\/index.php?rest_route=%2Fwp%2Fv2%2Fcategories&post=57672"},{"taxonomy":"post_tag","embeddable":true,"href":"https:\/\/haberbesiktas.tr\/index.php?rest_route=%2Fwp%2Fv2%2Ftags&post=57672"}],"curies":[{"name":"wp","href":"https:\/\/api.w.org\/{rel}","templated":true}]}}