{"id":57682,"date":"2026-02-07T14:00:05","date_gmt":"2026-02-07T14:00:05","guid":{"rendered":"https:\/\/haberbesiktas.tr\/?p=57682"},"modified":"2026-02-07T14:00:05","modified_gmt":"2026-02-07T14:00:05","slug":"besiktas-fenerbahce-ve-kocaelispor-pfdkye-sevk-edildi","status":"publish","type":"post","link":"https:\/\/haberbesiktas.tr\/?p=57682","title":{"rendered":"Be\u015fikta\u015f, Fenerbah\u00e7e ve Kocaelispor PFDK&#8217;ye sevk edildi"},"content":{"rendered":"<div>\n<div>T\u00fcrkiye Futbol Federasyonu (TFF) Hukuk M\u00fc\u015favirli\u011fi, Be\u015fikta\u015f, Fenerbah\u00e7e ve Kocaelispor&#8217;u Profesyonel Futbol Disiplin \u015euras\u0131na (PFDK) sevk etti.<\/div>\n<div>\u00a0<\/div>\n<div>TFF&#8217;nin sitesinde yer alan a\u00e7\u0131klamaya nazaran m\u00fc\u015favirlik, Ziraat T\u00fcrkiye Kupas\u0131 \u00fc\u00e7\u00fcnc\u00fc hafta ma\u00e7lar\u0131n\u0131n akabinde \u00e7e\u015fitli sebeplerle Be\u015fikta\u015f, Fenerbah\u00e7e ve Kocaelispod&#8217;u disipline g\u00f6nderdi.<\/div>\n<div>\u00a0<\/div>\n<div>Kocaelispor Teknik Y\u00f6neticisi Sel\u00e7uk \u0130nan da sportmenli\u011fe al\u0131\u015f\u0131lmam\u0131\u015f hareket sebebiyle \u00f6nlemli olarak PFDK&#8217;ye sevk edildi.<\/div>\n<\/p><\/div>\n","protected":false},"excerpt":{"rendered":"<p>TFF Hukuk M\u00fc\u015favirli\u011fi, Ziraat T\u00fcrkiye Kupas\u0131 \u00fc\u00e7\u00fcnc\u00fc hafta ma\u00e7lar\u0131n\u0131n akabinde Be\u015fikta\u015f, Fenerbah\u00e7e ve Kocaelispor&#8217;u disipline sevk etti.<\/p>\n","protected":false},"author":1,"featured_media":57683,"comment_status":"open","ping_status":"open","sticky":false,"template":"","format":"standard","meta":{"footnotes":""},"categories":[25],"tags":[],"class_list":["post-57682","post","type-post","status-publish","format-standard","has-post-thumbnail","hentry","category-futbol"],"_links":{"self":[{"href":"https:\/\/haberbesiktas.tr\/index.php?rest_route=\/wp\/v2\/posts\/57682","targetHints":{"allow":["GET"]}}],"collection":[{"href":"https:\/\/haberbesiktas.tr\/index.php?rest_route=\/wp\/v2\/posts"}],"about":[{"href":"https:\/\/haberbesiktas.tr\/index.php?rest_route=\/wp\/v2\/types\/post"}],"author":[{"embeddable":true,"href":"https:\/\/haberbesiktas.tr\/index.php?rest_route=\/wp\/v2\/users\/1"}],"replies":[{"embeddable":true,"href":"https:\/\/haberbesiktas.tr\/index.php?rest_route=%2Fwp%2Fv2%2Fcomments&post=57682"}],"version-history":[{"count":1,"href":"https:\/\/haberbesiktas.tr\/index.php?rest_route=\/wp\/v2\/posts\/57682\/revisions"}],"predecessor-version":[{"id":57684,"href":"https:\/\/haberbesiktas.tr\/index.php?rest_route=\/wp\/v2\/posts\/57682\/revisions\/57684"}],"wp:featuredmedia":[{"embeddable":true,"href":"https:\/\/haberbesiktas.tr\/index.php?rest_route=\/wp\/v2\/media\/57683"}],"wp:attachment":[{"href":"https:\/\/haberbesiktas.tr\/index.php?rest_route=%2Fwp%2Fv2%2Fmedia&parent=57682"}],"wp:term":[{"taxonomy":"category","embeddable":true,"href":"https:\/\/haberbesiktas.tr\/index.php?rest_route=%2Fwp%2Fv2%2Fcategories&post=57682"},{"taxonomy":"post_tag","embeddable":true,"href":"https:\/\/haberbesiktas.tr\/index.php?rest_route=%2Fwp%2Fv2%2Ftags&post=57682"}],"curies":[{"name":"wp","href":"https:\/\/api.w.org\/{rel}","templated":true}]}}