{"id":57685,"date":"2026-02-07T14:12:05","date_gmt":"2026-02-07T14:12:05","guid":{"rendered":"https:\/\/haberbesiktas.tr\/?p=57685"},"modified":"2026-02-07T14:12:05","modified_gmt":"2026-02-07T14:12:05","slug":"vincenzo-montella-semih-kilicsoyun-oynadigi-cagliariyi-ziyaret-etti","status":"publish","type":"post","link":"https:\/\/haberbesiktas.tr\/?p=57685","title":{"rendered":"Vincenzo Montella, Semih K\u0131l\u0131\u00e7soy&#8217;un oynad\u0131\u011f\u0131 Cagliari&#8217;yi ziyaret etti"},"content":{"rendered":"<div>\n<div>A Ulusal Futbol Grubu Teknik Y\u00f6neticisi Vincenzo Montella, \u0130talya&#8217;n\u0131n Cagliari Kul\u00fcb\u00fc&#8217;n\u00fc ziyaret etti.<\/div>\n<div>\u00a0<\/div>\n<div>T\u00fcrkiye Futbol Federasyonunun (TFF) sitesinde yer alan a\u00e7\u0131klamaya nazaran yard\u0131mc\u0131s\u0131 Daniele Russo ile birlikte Cagliari&#8217;nin idmanlar\u0131n\u0131 yapt\u0131\u011f\u0131 CRAI Spor Merkezi&#8217;ne giden Montella, burada sportif y\u00f6netici Guido Angelozzi ve sportif genel sekreter Matteo Stagno taraf\u0131ndan kar\u015f\u0131land\u0131.<\/div>\n<div>\u00a0<\/div>\n<div>Montella, k\u0131sa tesis tipinin akabinde grup idman\u0131n\u0131 takip etti. \u0130dman sonunda teknik y\u00f6netici Fabio Pisacane ve ulusal futbolcu Semih K\u0131l\u0131\u00e7soy&#8217;la bir ortaya gelen Montella, bir s\u00fcre iki isimle g\u00f6r\u00fc\u015ft\u00fc.<\/div>\n<div>\u00a0<\/div>\n<div>G\u00f6r\u00fc\u015fmenin akabinde Semih K\u0131l\u0131\u00e7soy ve teknik y\u00f6netici Pisacane, Vincenzo Montella&#8217;ya isminin yaz\u0131l\u0131 oldu\u011fu Cagliari formas\u0131 ikram etti.<\/div>\n<\/p><\/div>\n","protected":false},"excerpt":{"rendered":"<p>A Ulusal Futbol Kadrosu Teknik Y\u00f6neticisi Vincenzo Montella, yard\u0131mc\u0131s\u0131 Daniele Russo ile birlikte Cagliari&#8217;yi ziyaret ederek idman\u0131 izledi ve Semih K\u0131l\u0131\u00e7soy ile teknik y\u00f6netici Fabio Pisacane&#8217;den isminin yaz\u0131l\u0131 oldu\u011fu forma arma\u011fan ald\u0131.<\/p>\n","protected":false},"author":1,"featured_media":57686,"comment_status":"open","ping_status":"open","sticky":false,"template":"","format":"standard","meta":{"footnotes":""},"categories":[25],"tags":[],"class_list":["post-57685","post","type-post","status-publish","format-standard","has-post-thumbnail","hentry","category-futbol"],"_links":{"self":[{"href":"https:\/\/haberbesiktas.tr\/index.php?rest_route=\/wp\/v2\/posts\/57685","targetHints":{"allow":["GET"]}}],"collection":[{"href":"https:\/\/haberbesiktas.tr\/index.php?rest_route=\/wp\/v2\/posts"}],"about":[{"href":"https:\/\/haberbesiktas.tr\/index.php?rest_route=\/wp\/v2\/types\/post"}],"author":[{"embeddable":true,"href":"https:\/\/haberbesiktas.tr\/index.php?rest_route=\/wp\/v2\/users\/1"}],"replies":[{"embeddable":true,"href":"https:\/\/haberbesiktas.tr\/index.php?rest_route=%2Fwp%2Fv2%2Fcomments&post=57685"}],"version-history":[{"count":1,"href":"https:\/\/haberbesiktas.tr\/index.php?rest_route=\/wp\/v2\/posts\/57685\/revisions"}],"predecessor-version":[{"id":57687,"href":"https:\/\/haberbesiktas.tr\/index.php?rest_route=\/wp\/v2\/posts\/57685\/revisions\/57687"}],"wp:featuredmedia":[{"embeddable":true,"href":"https:\/\/haberbesiktas.tr\/index.php?rest_route=\/wp\/v2\/media\/57686"}],"wp:attachment":[{"href":"https:\/\/haberbesiktas.tr\/index.php?rest_route=%2Fwp%2Fv2%2Fmedia&parent=57685"}],"wp:term":[{"taxonomy":"category","embeddable":true,"href":"https:\/\/haberbesiktas.tr\/index.php?rest_route=%2Fwp%2Fv2%2Fcategories&post=57685"},{"taxonomy":"post_tag","embeddable":true,"href":"https:\/\/haberbesiktas.tr\/index.php?rest_route=%2Fwp%2Fv2%2Ftags&post=57685"}],"curies":[{"name":"wp","href":"https:\/\/api.w.org\/{rel}","templated":true}]}}