{"id":5785,"date":"2025-01-23T16:35:49","date_gmt":"2025-01-23T16:35:49","guid":{"rendered":"https:\/\/haberbesiktas.tr\/?p=5785"},"modified":"2025-01-23T16:35:49","modified_gmt":"2025-01-23T16:35:49","slug":"galatasarayin-otizm-yuzme-takimi-adini-duyurmak-istiyor","status":"publish","type":"post","link":"https:\/\/haberbesiktas.tr\/?p=5785","title":{"rendered":"Galatasaray&#8217;\u0131n otizm y\u00fczme tak\u0131m\u0131, ad\u0131n\u0131 duyurmak istiyor"},"content":{"rendered":"<p>Galatasaray&#8217;\u0131n otizmli bireyler i\u00e7in kurdu\u011fu otizm y\u00fczme ekibi, ismini hem ulusal hem de milletleraras\u0131 kar\u015f\u0131la\u015fmalarda duyurmay\u0131 hedefliyor.<\/p>\n<p> Galatasaray AHL Hisse Otizm Y\u00fcz\u00fcc\u00fcs\u00fc Selin Z\u00fclal \u00d6nal ve Galatasaray AHL Hisse Otizm Y\u00fczme Kadrosu Antren\u00f6r\u00fc Erhan Yal\u0131nk\u0131l\u0131\u00e7, AA muhabirine, otizm \u015fubesinin maksad\u0131n\u0131 ve gelece\u011fe ait maksatlar\u0131n\u0131 anlatt\u0131.<\/p>\n<p> T\u00fcrkiye&#8217;de otizmli bireyler i\u00e7in y\u00fczme grubu kuran ilk spor kul\u00fcb\u00fc olan Galatasaray, 6 atletle ba\u015flad\u0131\u011f\u0131 \u015fubede otizmli bireylerin hayata tutunmas\u0131na ve geli\u015fimine katk\u0131da bulunmay\u0131 ama\u00e7l\u0131yor.<\/p>\n<p><strong>&#8220;Ben ba\u015fard\u0131m, siz de yapabilirsiniz&#8221;<\/strong><\/p>\n<p> Galatasaray&#8217;da y\u00fcz\u00fcc\u00fc olman\u0131n hayali oldu\u011funu ve ge\u00e7en y\u0131l may\u0131s ay\u0131nda ekipteki birinci sportmen olarak idmanlara ba\u015flad\u0131\u011f\u0131n\u0131 belirten \u00d6nal, y\u00fczmeyi \u00e7ok sevdi\u011fini, k\u00fc\u00e7\u00fck ya\u015flardan beri i\u00e7inde b\u00fcy\u00fcd\u00fc\u011f\u00fc suda kendini \u00e7ok rahat hissetti\u011fini tabir etti.<\/p>\n<p> Bug\u00fcnlere gelebilmek i\u00e7in hem otizmine kar\u015f\u0131 \u00e7ok a\u011f\u0131r \u00f6zel e\u011fitimler ald\u0131\u011f\u0131n\u0131 hem de \u00e7ok sevdi\u011fi y\u00fczmeyi devam ettirebilmek i\u00e7in b\u00fcy\u00fck fedakarl\u0131klar yapt\u0131\u011f\u0131na vurgu yapan \u00d6nal, &#8220;Uzun y\u0131llard\u0131r daima ve a\u011f\u0131r \u00f6zel e\u011fitimler al\u0131yor, bir yandan y\u00fczmeye devam ediyordum. 2020&#8217;de bo\u011faz\u0131 y\u00fczerek ge\u00e7en birinci bayan otizmli y\u00fcz\u00fcc\u00fc oldum. T\u00fcrkiye \u00d6zel Sportmenler Federasyonu yar\u0131\u015flar\u0131na kat\u0131ld\u0131m. T\u00fcrkiye \u015fampiyonu oldum ve elde etti\u011fim muvaffakiyetler ile bu sene ulusal gruba se\u00e7ildim. Ben ba\u015fard\u0131m, siz de yapabilirsiniz.&#8221; bi\u00e7iminde konu\u015ftu.<\/p>\n<p> \u00d6nal, Galatasaray AHL Hisse Otizm Y\u00fczme Kadrosu b\u00fcnyesinde \u00e7ok de\u011ferli bir projenin kesimi olmaktan gurur duydu\u011funu, otizmliler i\u00e7in olu\u015fturulan y\u00fczme \u015fubesinin hem bir fark\u0131ndal\u0131k olu\u015fturaca\u011f\u0131n\u0131, hem de otizmli bireylerin hayata daha s\u0131k\u0131 ba\u011flanmalar\u0131na vesile olaca\u011f\u0131n\u0131 s\u00f6yleyerek \u015f\u00f6yle devam etti:<\/p>\n<p> &#8220;Y\u00f6netimimiz taraf\u0131ndan bir fark\u0131ndal\u0131k olu\u015fturmak emeliyle kurulan otizm y\u00fczme \u015fubesinin birinci atletlerinden biriyim. Elimden gelenin en g\u00fczelini yap\u0131p hem \u00fclkeme hem de kul\u00fcb\u00fcme kat\u0131ld\u0131\u011f\u0131m yar\u0131\u015flardan kupa getirmeyi ve toplumla ahenk h\u00fcnerlerimi daha da art\u0131rmay\u0131, otizmlilere ilham olmay\u0131 hedefliyorum. Bu proje, spor yapma imkan\u0131 bulamayan yetenekli bireyler i\u00e7in hayata ba\u011flanma yeri olacak. Toplumsalla\u015fma ve geli\u015fimleri i\u00e7in onlara katk\u0131da bulunacak.&#8221;<\/p>\n<p> \u00a0<\/p>\n<p> &#8211; Antren\u00f6r Yal\u0131nk\u0131l\u0131\u00e7: &#8220;\u00c7ok k\u0131ymetli bir aray\u0131 a\u015ft\u0131\u011f\u0131m\u0131z\u0131 d\u00fc\u015f\u00fcn\u00fcyorum&#8221;<\/p>\n<p> Galatasaray AHL Hisse Otizm Y\u00fczme Grubu Antren\u00f6r\u00fc Erhan Yal\u0131nk\u0131l\u0131\u00e7 da, may\u0131s ay\u0131nda sadece bir sportmen ile ba\u015flad\u0131klar\u0131 ekipte bug\u00fcn 3 aday, 3 ba\u015flang\u0131\u00e7 d\u00fczeyinde sportmen ile yola devam ettiklerini belirtirken, haftan\u0131n 5 g\u00fcn\u00fc hem karada hem de havuzda idmanlar yaparak atletleri kar\u015f\u0131la\u015fmalara haz\u0131rlad\u0131klar\u0131n\u0131, t\u00fcm bunlar\u0131 yaparken otizmli sportmenlerin g\u00fcnl\u00fck rutin ve nizamlar\u0131n\u0131 bozmamak i\u00e7in titizlikle \u00e7al\u0131\u015ft\u0131klar\u0131n\u0131 lisana getirdi.<\/p>\n<p> Yal\u0131nk\u0131l\u0131\u00e7, otizmde su fakt\u00f6r\u00fcn\u00fcn hem rehabilitasyon hem de e\u011fitim s\u00fcre\u00e7lerinde s\u0131kl\u0131kla kullan\u0131ld\u0131\u011f\u0131n\u0131, bu nedenle ba\u015far\u0131l\u0131 atletlerin bu alanda \u00e7\u0131kmas\u0131n\u0131n kendilerini \u015fa\u015f\u0131rtmad\u0131\u011f\u0131n\u0131, bu alanda \u00e7al\u0131\u015fmalar\u0131na s\u00fcrat kazand\u0131rd\u0131klar\u0131n\u0131n alt\u0131n\u0131 \u00e7izerek &#8220;Otizmin i\u00e7inde su \u00e7ok k\u0131ymetli bir fakt\u00f6r.&#8221; formunda konu\u015ftu.<\/p>\n<p> Otizmli y\u00fczme kadrosunun maksatlar\u0131 ortas\u0131nda ulusal ve milletleraras\u0131 muvaffakiyet elde edebilecek atletlere yer a\u00e7mak oldu\u011funa da vurdu yapan Yal\u0131nk\u0131l\u0131\u00e7, \u015fu de\u011ferlendirmede bulundu:<\/p>\n<p> &#8220;Biz \u015fimdi yolun ba\u015f\u0131nday\u0131z lakin \u00e7ok k\u0131ymetli bir aray\u0131 a\u015ft\u0131\u011f\u0131m\u0131z\u0131 d\u00fc\u015f\u00fcn\u00fcyorum. Selin bu spora rehabilite maksatl\u0131 ba\u015flay\u0131p daha sonradan temel teknik maharetlerini al\u0131p yar\u0131\u015f k\u00fcmesine dahil oldu. Hem \u0130stanbul \u015eampiyonas\u0131&#8217;nda hem de T\u00fcrkiye \u015eampiyonas\u0131&#8217;nda d\u00f6rt tane alt\u0131n, \u00fc\u00e7 tane g\u00fcm\u00fc\u015f madalya alarak hem kul\u00fcb\u00fcm\u00fcz\u00fc hem de ulusal grubu temsil etmeye hak kazand\u0131. Maksad\u0131m\u0131z hem aday k\u00fcmede hem de ba\u015flang\u0131\u00e7 k\u00fcmesinde Selin ve Selin&#8217;den daha fazla muvaffakiyet elde edebilece\u011fimiz Galatasaray Otizm \u015eubesi&#8217;nde ileriki d\u00fczeylerde b\u00fct\u00fcn ulusal ekibi olu\u015fturabilecek, ulusal ve memleketler aras\u0131 muvaffakiyet elde edebilecek atlet tak\u0131m\u0131n\u0131 olu\u015fturmak.&#8221;<\/p>\n<p> <strong>Y\u00f6neticiler de \u00e7al\u0131\u015fmalardan memnun<\/strong><\/p>\n<p> Galatasaray otizmli y\u00fczme \u015fubesinden sorumlu Y\u00f6netim Kurulu \u00dcyeleri Ece Bora ile Tanur Lara Y\u0131lmaz da Galatasaray AHL Hisse Otizm Y\u00fczme Grubu&#8217;nun sportif muvaffakiyet maksad\u0131 oldu\u011fu \u00fczere T\u00fcrkiye&#8217;de otizme fark\u0131ndal\u0131\u011f\u0131 ve otizmlilerin hayata ahengini art\u0131racak bir proje olmas\u0131 nedeniyle hayli k\u0131ymetli bir te\u015febb\u00fcs oldu\u011funu s\u00f6yledi.<\/p>\n<p> Y\u00f6netim Kurulu \u00dcyesi Bora, projenin T\u00fcrkiye&#8217;de bir otizmli y\u00fczme kadrosunun bir spor kul\u00fcb\u00fc b\u00fcnyesinde birinci kere faaliyet g\u00f6sterdi\u011fini ve bu \u015fubele\u015fmenin gelecekte \u00f6b\u00fcr kul\u00fcplere de \u00f6rnek olmas\u0131n\u0131 hedeflediklerini belirterek, &#8220;As\u0131l emelimiz Galatasaray&#8217;\u0131n bir ocak olarak, T\u00fcrkiye&#8217;nin en b\u00fcy\u00fck k\u0131ymetlerinden biri olarak o ruhu burada da ortaya koyup \u00f6b\u00fcr b\u00fct\u00fcn kul\u00fcplere \u00f6rnek olmak. Zira otizm y\u00fczme projesi asl\u0131nda bir vizyon, bir \u00fclk\u00fc. Umuyoruz ki otizm y\u00fczme ilerleyen y\u0131llarda \u00e7ok daha b\u00fcy\u00fcyecek, \u00e7ok daha \u00e2l\u00e2 yerlere gelecek.&#8221; s\u00f6zlerini kulland\u0131.<\/p>\n<p> Otizm \u015fubenin kurulu\u015funda sadece Selin&#8217;in sportmen olarak var oldu\u011funu lakin bug\u00fcn gelinen noktada b\u00fcy\u00fck bir aile olma yolunda de\u011ferli ad\u0131mlar\u0131n at\u0131ld\u0131\u011f\u0131na vurgu yapan Bora, &#8220;Bizim i\u00e7in k\u0131ymetli olan \u015fey \u015fu; Biz Selin ile ba\u015flad\u0131k. Selin, p\u0131r\u0131l p\u0131r\u0131l bir gen\u00e7 bayan. Ulusal ekibe se\u00e7ildi ve bizi \u00e7ok gururland\u0131rd\u0131. Lakin art\u0131k yeni atletlerimiz var, yenilerimiz de olacak. Galatasaray Otizm Y\u00fczme elbette ki madalya i\u00e7in \u00e7al\u0131\u015facak bu her yerde oldu\u011fu \u00fczere burada da bu t\u00fcrl\u00fc olacak. Lakin bir yandan da otizmli bireylerin hayatta var olduklar\u0131n\u0131 ortaya koyacak, ba\u015far\u0131larla bu misyon per\u00e7inlenecek&#8221; \u015feklinde konu\u015ftu.<\/p>\n<p> Y\u00f6netim Kurulu \u00dcyesi Y\u0131lmaz ise otizm \u015fubenin, kozmik spor k\u0131ymetleri ortas\u0131nda yer alan e\u015fitlik ve eri\u015filebilirlik k\u0131ymetleri a\u00e7\u0131s\u0131ndan k\u0131ymetli bir proje oldu\u011funa vurgu yaparken, otizm \u015fubenin s\u00fcrd\u00fcr\u00fclmesi ve geli\u015ftirilmesine yap\u0131lan katk\u0131lara de\u011finerek kelamlar\u0131n\u0131 \u015f\u00f6yle tamamlad\u0131:<\/p>\n<p> &#8220;Biz y\u00fczme otizm \u015fubesini a\u00e7arak, sportmenlerin spora eri\u015filebilirli\u011fini kolayla\u015ft\u0131rmak ve t\u0131pk\u0131 vakitte da f\u0131rsat e\u015fitli\u011fi yaratmak ismine k\u0131ymetli bir ad\u0131m att\u0131k Bu s\u00fcre\u00e7te en b\u00fcy\u00fck te\u015fekk\u00fcr\u00fc, kararl\u0131l\u0131kla y\u00fczmeye devam eden atletlerimize, ailelerine ve bu projeye takviye veren idaremize bor\u00e7luyuz. Galatasaray olarak da daha kapsay\u0131c\u0131 bir spor d\u00fcnyas\u0131 in\u015fa etmek ve her bireyin spora eri\u015fimini kolayla\u015ft\u0131rabilmek, e\u015fit f\u0131rsatlar sa\u011flayabilmek ismine elimizden geleni yapmaya devam edece\u011fiz.&#8221;<\/p>\n","protected":false},"excerpt":{"rendered":"<p>Galatasaray&#8217;\u0131n otizmli bireyler i\u00e7in kurdu\u011fu otizm y\u00fczme ekibi, ismini hem ulusal hem de milletleraras\u0131 kar\u015f\u0131la\u015fmalarda duyurmay\u0131 hedefliyor.<\/p>\n","protected":false},"author":1,"featured_media":5786,"comment_status":"open","ping_status":"open","sticky":false,"template":"","format":"standard","meta":{"footnotes":""},"categories":[27],"tags":[129,796,797,65,199],"class_list":["post-5785","post","type-post","status-publish","format-standard","has-post-thumbnail","hentry","category-guncel-haberler","tag-galatasaray","tag-otizm","tag-otizmli","tag-spor","tag-yuzme"],"_links":{"self":[{"href":"https:\/\/haberbesiktas.tr\/index.php?rest_route=\/wp\/v2\/posts\/5785","targetHints":{"allow":["GET"]}}],"collection":[{"href":"https:\/\/haberbesiktas.tr\/index.php?rest_route=\/wp\/v2\/posts"}],"about":[{"href":"https:\/\/haberbesiktas.tr\/index.php?rest_route=\/wp\/v2\/types\/post"}],"author":[{"embeddable":true,"href":"https:\/\/haberbesiktas.tr\/index.php?rest_route=\/wp\/v2\/users\/1"}],"replies":[{"embeddable":true,"href":"https:\/\/haberbesiktas.tr\/index.php?rest_route=%2Fwp%2Fv2%2Fcomments&post=5785"}],"version-history":[{"count":1,"href":"https:\/\/haberbesiktas.tr\/index.php?rest_route=\/wp\/v2\/posts\/5785\/revisions"}],"predecessor-version":[{"id":5787,"href":"https:\/\/haberbesiktas.tr\/index.php?rest_route=\/wp\/v2\/posts\/5785\/revisions\/5787"}],"wp:featuredmedia":[{"embeddable":true,"href":"https:\/\/haberbesiktas.tr\/index.php?rest_route=\/wp\/v2\/media\/5786"}],"wp:attachment":[{"href":"https:\/\/haberbesiktas.tr\/index.php?rest_route=%2Fwp%2Fv2%2Fmedia&parent=5785"}],"wp:term":[{"taxonomy":"category","embeddable":true,"href":"https:\/\/haberbesiktas.tr\/index.php?rest_route=%2Fwp%2Fv2%2Fcategories&post=5785"},{"taxonomy":"post_tag","embeddable":true,"href":"https:\/\/haberbesiktas.tr\/index.php?rest_route=%2Fwp%2Fv2%2Ftags&post=5785"}],"curies":[{"name":"wp","href":"https:\/\/api.w.org\/{rel}","templated":true}]}}