{"id":5812,"date":"2025-01-23T19:59:49","date_gmt":"2025-01-23T19:59:49","guid":{"rendered":"https:\/\/haberbesiktas.tr\/?p=5812"},"modified":"2025-01-23T19:59:49","modified_gmt":"2025-01-23T19:59:49","slug":"goztepe-bu-hafta-romulodan-mahrum-kalacak","status":"publish","type":"post","link":"https:\/\/haberbesiktas.tr\/?p=5812","title":{"rendered":"G\u00f6ztepe bu hafta Romulo&#8217;dan mahrum kalacak"},"content":{"rendered":"<div>S\u00fcper Lig&#8217;de Kas\u0131mpa\u015fa&#8217;y\u0131 konutunda 5-0 yenerek 31 puanla 4&#8217;\u00fcnc\u00fc s\u0131raya y\u00fckselen G\u00f6ztepe, pazar g\u00fcn\u00fc alan\u0131nda oynayaca\u011f\u0131 Antalyaspor ma\u00e7\u0131na mutlak galibiyet parolas\u0131yla haz\u0131rlan\u0131rken, sar\u0131-k\u0131rm\u0131z\u0131l\u0131lar y\u0131ld\u0131zlar\u0131 Romulo Cardoso&#8217;yu bu hafta izleyemeyecek. <\/p>\n<p>Kas\u0131mpa\u015fa ma\u00e7\u0131nda g\u00f6rd\u00fc\u011f\u00fc sar\u0131 kart nedeniyle cezal\u0131 duruma d\u00fc\u015fen Brezilyal\u0131 golc\u00fc Antalyaspor&#8217;a kar\u015f\u0131 forma giyemeyecek. G\u00f6z-G\u00f6z&#8217;de birinci defa cezal\u0131 duruma d\u00fc\u015fen Romulo&#8217;nun yoklu\u011funda tek forvet oyuncusu kald\u0131.<\/p>\n<p> Datro Fofana ve Kubilay Kanats\u0131zku\u015f sakal\u0131klar\u0131 nedeniyle uzun m\u00fchlet kadrodan ba\u015fka kal\u0131rken, kadronun gol umudu Brezilyal\u0131 Juan Silva olacak. Kurmaylar ise en az bir yeni transferi Antalyaspor ma\u00e7\u0131na yeti\u015ftirmeye \u00e7al\u0131\u015facak. Brezilya&#8217;n\u0131n Athletico Paranaense kadrosundan Emerson&#8217;u isteyen G\u00f6ztepe, 20 ya\u015f\u0131ndaki golc\u00fcy\u00fc Antalyaspor ma\u00e7\u0131nda oynatabilmek i\u00e7in kollar\u0131 s\u0131vayacak. Aksi halde teknik y\u00f6netici Stanimir Stoilov, Antalyaspor ma\u00e7\u0131nda Juan&#8217;la birlikte Tijanic&#8217;i ileri u\u00e7ta g\u00f6revlendirecek.<\/p>\n<\/div>\n","protected":false},"excerpt":{"rendered":"<p>Romulo, Kas\u0131mpa\u015fa ma\u00e7\u0131nda g\u00f6rd\u00fc\u011f\u00fc sar\u0131 kart nedeniyle Antalyaspor&#8217;a kar\u015f\u0131 forma giyemeyecek.<\/p>\n","protected":false},"author":1,"featured_media":5813,"comment_status":"open","ping_status":"open","sticky":false,"template":"","format":"standard","meta":{"footnotes":""},"categories":[25],"tags":[256],"class_list":["post-5812","post","type-post","status-publish","format-standard","has-post-thumbnail","hentry","category-futbol","tag-antalyaspor"],"_links":{"self":[{"href":"https:\/\/haberbesiktas.tr\/index.php?rest_route=\/wp\/v2\/posts\/5812","targetHints":{"allow":["GET"]}}],"collection":[{"href":"https:\/\/haberbesiktas.tr\/index.php?rest_route=\/wp\/v2\/posts"}],"about":[{"href":"https:\/\/haberbesiktas.tr\/index.php?rest_route=\/wp\/v2\/types\/post"}],"author":[{"embeddable":true,"href":"https:\/\/haberbesiktas.tr\/index.php?rest_route=\/wp\/v2\/users\/1"}],"replies":[{"embeddable":true,"href":"https:\/\/haberbesiktas.tr\/index.php?rest_route=%2Fwp%2Fv2%2Fcomments&post=5812"}],"version-history":[{"count":1,"href":"https:\/\/haberbesiktas.tr\/index.php?rest_route=\/wp\/v2\/posts\/5812\/revisions"}],"predecessor-version":[{"id":5814,"href":"https:\/\/haberbesiktas.tr\/index.php?rest_route=\/wp\/v2\/posts\/5812\/revisions\/5814"}],"wp:featuredmedia":[{"embeddable":true,"href":"https:\/\/haberbesiktas.tr\/index.php?rest_route=\/wp\/v2\/media\/5813"}],"wp:attachment":[{"href":"https:\/\/haberbesiktas.tr\/index.php?rest_route=%2Fwp%2Fv2%2Fmedia&parent=5812"}],"wp:term":[{"taxonomy":"category","embeddable":true,"href":"https:\/\/haberbesiktas.tr\/index.php?rest_route=%2Fwp%2Fv2%2Fcategories&post=5812"},{"taxonomy":"post_tag","embeddable":true,"href":"https:\/\/haberbesiktas.tr\/index.php?rest_route=%2Fwp%2Fv2%2Ftags&post=5812"}],"curies":[{"name":"wp","href":"https:\/\/api.w.org\/{rel}","templated":true}]}}