{"id":5815,"date":"2025-01-23T20:11:49","date_gmt":"2025-01-23T20:11:49","guid":{"rendered":"https:\/\/haberbesiktas.tr\/?p=5815"},"modified":"2025-01-23T20:11:49","modified_gmt":"2025-01-23T20:11:49","slug":"ibrahim-hatipoglundan-icardi-sozleri","status":"publish","type":"post","link":"https:\/\/haberbesiktas.tr\/?p=5815","title":{"rendered":"\u0130brahim Hatipo\u011flu&#8217;ndan Icardi s\u00f6zleri"},"content":{"rendered":"<div>Galatasaray Sportif A\u015e Lider Vekili \u0130brahim Hatipo\u011flu, Mauro Icardi ile ilgili a\u00e7\u0131klama yapt\u0131.<\/p>\n<p> Divan konseyinde konu\u015fan Hatipo\u011flu,<strong> &#8220;Turcan Hocama yan\u0131t vermek ismine, oyuncumuz Icardi ile ilgili bilgi vermek istiyorum. Kendisi ba\u015far\u0131l\u0131 bir operasyon ge\u00e7irdi. S\u00fcre\u00e7, Yener Hocam\u0131z\u0131n denetiminde devam ediyor. \u015eu an Arjantin&#8217;de konutunda, rehabilitasyon periyodunu tamamlamaya \u00e7al\u0131\u015f\u0131yor. Birinci f\u0131rsatta buraya d\u00f6necek. Dubai&#8217;de oldu\u011fu bilgisi yanl\u0131\u015fs\u0131z de\u011fil.&#8221;<\/strong> tabirlerini kulland\u0131.<\/p>\n<p> <strong>B\u0130R ADIM GER\u0130DEN?<\/strong><br \/><strong>MAURO ICARDI \u0130\u00c7\u0130N NE DED\u0130?<\/strong><\/p>\n<p> Galatasaray Divan Kuruu \u00dcyesi Turcan Bolay\u0131r, Divan Heyeti&#8217;nde yapt\u0131\u011f\u0131 a\u00e7\u0131klamada,<strong> &#8220;Icardi sempatik, g\u00fczel, uygun. Ho\u015f bir futbolcu. Ben anlamad\u0131m. G\u00fc\u00e7 bir ameliyat ge\u00e7irdi diyelim. Ben kal\u00e7a k\u0131r\u0131\u011f\u0131 ameliyat\u0131nda 7 ay yerimden kalkamad\u0131m. Bu kadar g\u00fc\u00e7 bir ameliyat sonras\u0131 hala Buenos Aires&#8217;te mi? Yeni partneriyle Dubai&#8217;ye gitmi\u015f. Sen kimin paralar\u0131n\u0131 yiyorsun! Milyonlarca euro paray\u0131 cebe att\u0131, han\u0131m\u0131yla da ortas\u0131 bozuk beni ilgilendirmez, sen geri \u0130stanbul&#8217;a geleceksin, Yener \u0130nce&#8217;nin ve idaresinin denetimine gireceksin. Hastaneyse burada g\u0131rla hastane var. Galatasaray&#8217;a ba\u011fl\u0131 bir futbolcudur. \u0130\u015fi bittiyse, ameliyat\u0131n\u0131 olur, rejenere olur burada. Hastanelerimizde neler var. Paran da bol, istedi\u011fin hastaneye gidersin. Yeni partneriyle Dubai&#8217;de, oh. Ho\u015f yavrum, bol bol hurma ye geli\u015ftir kendini.&#8221;<\/strong> demi\u015fti.<\/p>\n<p> Galatasaray&#8217;da bu d\u00f6nem sakatl\u0131\u011f\u0131ndan evvel 14 ma\u00e7ta alana \u00e7\u0131kan Arjantinli golc\u00fc 6 gol att\u0131 ve 2 asist yapt\u0131.<\/p>\n<\/div>\n","protected":false},"excerpt":{"rendered":"<p>Galatasaray Sportif A\u015e Lider Vekili \u0130brahim Hatipo\u011flu, Mauro Icardi ile ilgili konu\u015ftu.<\/p>\n","protected":false},"author":1,"featured_media":5816,"comment_status":"open","ping_status":"open","sticky":false,"template":"","format":"standard","meta":{"footnotes":""},"categories":[25],"tags":[],"class_list":["post-5815","post","type-post","status-publish","format-standard","has-post-thumbnail","hentry","category-futbol"],"_links":{"self":[{"href":"https:\/\/haberbesiktas.tr\/index.php?rest_route=\/wp\/v2\/posts\/5815","targetHints":{"allow":["GET"]}}],"collection":[{"href":"https:\/\/haberbesiktas.tr\/index.php?rest_route=\/wp\/v2\/posts"}],"about":[{"href":"https:\/\/haberbesiktas.tr\/index.php?rest_route=\/wp\/v2\/types\/post"}],"author":[{"embeddable":true,"href":"https:\/\/haberbesiktas.tr\/index.php?rest_route=\/wp\/v2\/users\/1"}],"replies":[{"embeddable":true,"href":"https:\/\/haberbesiktas.tr\/index.php?rest_route=%2Fwp%2Fv2%2Fcomments&post=5815"}],"version-history":[{"count":1,"href":"https:\/\/haberbesiktas.tr\/index.php?rest_route=\/wp\/v2\/posts\/5815\/revisions"}],"predecessor-version":[{"id":5817,"href":"https:\/\/haberbesiktas.tr\/index.php?rest_route=\/wp\/v2\/posts\/5815\/revisions\/5817"}],"wp:featuredmedia":[{"embeddable":true,"href":"https:\/\/haberbesiktas.tr\/index.php?rest_route=\/wp\/v2\/media\/5816"}],"wp:attachment":[{"href":"https:\/\/haberbesiktas.tr\/index.php?rest_route=%2Fwp%2Fv2%2Fmedia&parent=5815"}],"wp:term":[{"taxonomy":"category","embeddable":true,"href":"https:\/\/haberbesiktas.tr\/index.php?rest_route=%2Fwp%2Fv2%2Fcategories&post=5815"},{"taxonomy":"post_tag","embeddable":true,"href":"https:\/\/haberbesiktas.tr\/index.php?rest_route=%2Fwp%2Fv2%2Ftags&post=5815"}],"curies":[{"name":"wp","href":"https:\/\/api.w.org\/{rel}","templated":true}]}}