{"id":5818,"date":"2025-01-23T20:23:48","date_gmt":"2025-01-23T20:23:48","guid":{"rendered":"https:\/\/haberbesiktas.tr\/?p=5818"},"modified":"2025-01-23T20:23:48","modified_gmt":"2025-01-23T20:23:48","slug":"milli-takimlar-teknik-direktoru-ergin-aa-oylamasina-katildi","status":"publish","type":"post","link":"https:\/\/haberbesiktas.tr\/?p=5818","title":{"rendered":"Milli Tak\u0131mlar Teknik Direkt\u00f6r\u00fc Ergin, AA oylamas\u0131na kat\u0131ld\u0131"},"content":{"rendered":"<p>T\u00fcrkiye Ok\u00e7uluk Ulusal Ekipler Teknik Y\u00f6neticisi Yusuf G\u00f6ktu\u011f Ergin, Anadolu Ajans\u0131n\u0131n (AA) g\u00f6z\u00fcnden 2024&#8217;e damga vuran olaylara ili\u015fkin ve ya\u015fama dair foto\u011fraflar\u0131n yer ald\u0131\u011f\u0131 &#8220;Y\u0131l\u0131n Kareleri&#8221; oylamas\u0131na kat\u0131ld\u0131.<\/p>\n<p> Ergin, AA muhabirleri ve foto muhabirlerinin yurt i\u00e7inde ve d\u0131\u015f\u0131nda \u00e7ekti\u011fi, Roketsan, Lifebox ve Sony katk\u0131lar\u0131yla yap\u0131lan &#8220;Haber&#8221;, &#8220;Do\u011fal Hayat ve \u00c7evre&#8221;, &#8220;Spor&#8221;, &#8220;G\u00fcnl\u00fck Hayat&#8221; ile bu y\u0131la \u00f6zel eklenen &#8220;\u00d6zg\u00fcr Suriye&#8221; kategorilerindeki foto\u011fraflar\u0131 inceledi.<\/p>\n<p> &#8220;\u00d6zg\u00fcr Suriye&#8221; kategorisinde Orhan Fatih Do\u011fan&#8217;\u0131n &#8220;Geri D\u00f6n\u00fc\u015f&#8221; foto\u011fraf\u0131n\u0131 be\u011fenen Ergin, &#8220;Do\u011fal Hayat ve \u00c7evre&#8221; kategorisinde \u0130simsiz G\u00fcnebakan&#8217;\u0131n &#8220;Armut Pi\u015f&#8221;, &#8220;Haber&#8221; kategorisinde de Ali Jadallah&#8217;\u0131n &#8220;Patlama An\u0131&#8221; foto\u011fraflar\u0131n\u0131 se\u00e7ti.<\/p>\n<p> &#8220;G\u00fcnl\u00fck Hayat&#8221; kategorisinde de \u0130sa Terli&#8217;nin &#8220;7 zirve, 5 minare, 1 kule&#8221; foto\u011fraf\u0131n\u0131 tercih eden Ergin, &#8220;Spor&#8221; kategorisinde ise antren\u00f6rl\u00fc\u011f\u00fcn\u00fc yapt\u0131\u011f\u0131 \u00d6znur C\u00fcre Girdi&#8217;nin Paris 2024 Paralimpik Oyunlar\u0131&#8217;nda makaral\u0131 yay finalinde rakibini yenerek alt\u0131n madalya kazanma sevinci ya\u015fad\u0131\u011f\u0131 an\u0131 yans\u0131tan Ahmet \u0130zgi&#8217;nin &#8220;Azimle Gelen&#8221; foto\u011fraf\u0131na oy verdi.<\/p>\n<p> AA muhabirine foto\u011fraflar\u0131 pahaland\u0131ran Ergin, her y\u0131l oldu\u011fu \u00fczere bu y\u0131l da se\u00e7kide \u00e7ok \u00f6zel foto\u011fraflar\u0131n yer ald\u0131\u011f\u0131n\u0131 belirtti.<\/p>\n<p> Foto\u011fraflar\u0131n b\u00fcy\u00fck \u00f6zveri ve emekle \u00e7ekildi\u011fini s\u00f6z eden Ergin, &#8220;Anadolu Ajans\u0131&#8217;n\u0131n se\u00e7kide olmayan eminim daha bir\u00e7ok g\u00fczel foto\u011fraf\u0131 vard\u0131r. Oylanan foto\u011fraflar \u00e7ok etkileyiciydi. Spor alan\u0131nda foto\u011fraflar\u0131 se\u00e7mekte zorland\u0131m. \u00d6znur&#8217;un kazand\u0131\u011f\u0131 s\u00fcper ba\u015far\u0131y\u0131 yans\u0131tan foto\u011fraf\u0131 da \u00e7ok be\u011fendim.&#8221; dedi.<\/p>\n","protected":false},"excerpt":{"rendered":"<p>T\u00fcrkiye Ok\u00e7uluk Ulusal Gruplar Teknik Y\u00f6neticisi Yusuf G\u00f6ktu\u011f Ergin, Anadolu Ajans\u0131n\u0131n &#8220;Y\u0131l\u0131n Kareleri&#8221; oylamas\u0131na kat\u0131ld\u0131.<\/p>\n","protected":false},"author":1,"featured_media":5819,"comment_status":"open","ping_status":"open","sticky":false,"template":"","format":"standard","meta":{"footnotes":""},"categories":[27],"tags":[801,206,207],"class_list":["post-5818","post","type-post","status-publish","format-standard","has-post-thumbnail","hentry","category-guncel-haberler","tag-ergin","tag-foto","tag-kategorisinde"],"_links":{"self":[{"href":"https:\/\/haberbesiktas.tr\/index.php?rest_route=\/wp\/v2\/posts\/5818","targetHints":{"allow":["GET"]}}],"collection":[{"href":"https:\/\/haberbesiktas.tr\/index.php?rest_route=\/wp\/v2\/posts"}],"about":[{"href":"https:\/\/haberbesiktas.tr\/index.php?rest_route=\/wp\/v2\/types\/post"}],"author":[{"embeddable":true,"href":"https:\/\/haberbesiktas.tr\/index.php?rest_route=\/wp\/v2\/users\/1"}],"replies":[{"embeddable":true,"href":"https:\/\/haberbesiktas.tr\/index.php?rest_route=%2Fwp%2Fv2%2Fcomments&post=5818"}],"version-history":[{"count":1,"href":"https:\/\/haberbesiktas.tr\/index.php?rest_route=\/wp\/v2\/posts\/5818\/revisions"}],"predecessor-version":[{"id":5820,"href":"https:\/\/haberbesiktas.tr\/index.php?rest_route=\/wp\/v2\/posts\/5818\/revisions\/5820"}],"wp:featuredmedia":[{"embeddable":true,"href":"https:\/\/haberbesiktas.tr\/index.php?rest_route=\/wp\/v2\/media\/5819"}],"wp:attachment":[{"href":"https:\/\/haberbesiktas.tr\/index.php?rest_route=%2Fwp%2Fv2%2Fmedia&parent=5818"}],"wp:term":[{"taxonomy":"category","embeddable":true,"href":"https:\/\/haberbesiktas.tr\/index.php?rest_route=%2Fwp%2Fv2%2Fcategories&post=5818"},{"taxonomy":"post_tag","embeddable":true,"href":"https:\/\/haberbesiktas.tr\/index.php?rest_route=%2Fwp%2Fv2%2Ftags&post=5818"}],"curies":[{"name":"wp","href":"https:\/\/api.w.org\/{rel}","templated":true}]}}