{"id":5875,"date":"2025-01-24T01:35:48","date_gmt":"2025-01-24T01:35:48","guid":{"rendered":"https:\/\/haberbesiktas.tr\/?p=5875"},"modified":"2025-01-24T01:35:48","modified_gmt":"2025-01-24T01:35:48","slug":"marcus-rashford-sonrasi-barcelonada-ansu-fati-karari","status":"publish","type":"post","link":"https:\/\/haberbesiktas.tr\/?p=5875","title":{"rendered":"Marcus Rashford sonras\u0131 Barcelona&#8217;da Ansu Fati karar\u0131"},"content":{"rendered":"<div><span>Transfer \u00e7al\u0131\u015fmalar\u0131n\u0131 s\u00fcrd\u00fcren Barcelona&#8217;da s\u0131cak geli\u015fmeler ya\u015fan\u0131yor.<\/p>\n<p>Relevo&#8217;da yer alan habere nazaran; <strong>Marcus Rashford&#8217;\u0131 tak\u0131m\u0131na katmak isteyen Barcelona, Ansu Fati&#8217;nin k\u0131\u015f transfer periyodunda kadrodan ayr\u0131lmas\u0131n\u0131 istiyor.<\/p>\n<p><\/strong>Marcus Rashford&#8217;un Manchester United ile kontrat\u0131 2028, Ansu Fati&#8217;nin Barcelona olan mukavelesi ise 2027 y\u0131l\u0131nda sona eriyor.<\/p>\n<p><strong>BU D\u00d6NEM FATI<\/strong><\/p>\n<p><\/span> <\/p>\n<div><span><span>Bu d\u00f6nem Barcelona formas\u0131yla 8 ma\u00e7ta 186 dakika m\u00fchlet alan Fati skor katk\u0131s\u0131nda bulunamad\u0131.<\/p>\n<p><strong>BU D\u00d6NEM RASHFORD<\/strong><\/p>\n<p><span>Bu d\u00f6nem Manchester United formas\u0131yla 24 ma\u00e7ta m\u00fcddet bulan Rashford , 7 gol att\u0131 ve 3 asist yapt\u0131.<\/p>\n<p><strong>BE\u015e\u0130KTA\u015e \u0130LE \u0130SM\u0130 GE\u00c7M\u0130\u015eT\u0130<\/strong><\/p>\n<p><span>\u00d6te yandan Be\u015fikta\u015f&#8217;\u0131n Barcelona<\/span><span>\u00a0formas\u0131 giyen Ansu Fati&#8217;yi g\u00fcndemine ald\u0131\u011f\u0131 tez edilmi\u015fti. Kara Kartal&#8217;\u0131n Barcelona&#8217;n\u0131n ocak ay\u0131nda kiralamak istedi\u011fi 22 ya\u015f\u0131ndaki \u0130spanyol kanat oyuncusu i\u00e7in k\u0131sa m\u00fcddet i\u00e7erisinde Katalan tak\u0131m\u0131na kiralama teklifinde bulunaca\u011f\u0131 \u00f6ne s\u00fcr\u00fclm\u00fc\u015ft\u00fc.\u00a0<\/span><\/p>\n<p><\/span><br \/><\/span><\/span><\/div>\n<\/div>\n","protected":false},"excerpt":{"rendered":"<p>Marcus Rashford&#8217;\u0131 tak\u0131m\u0131na katmak isteyen Barcelona, Ansu Fati&#8217;nin k\u0131\u015f transfer devrinde gruptan ayr\u0131lmas\u0131n\u0131 istiyor.<\/p>\n","protected":false},"author":1,"featured_media":5876,"comment_status":"open","ping_status":"open","sticky":false,"template":"","format":"standard","meta":{"footnotes":""},"categories":[25],"tags":[307],"class_list":["post-5875","post","type-post","status-publish","format-standard","has-post-thumbnail","hentry","category-futbol","tag-barcelona"],"_links":{"self":[{"href":"https:\/\/haberbesiktas.tr\/index.php?rest_route=\/wp\/v2\/posts\/5875","targetHints":{"allow":["GET"]}}],"collection":[{"href":"https:\/\/haberbesiktas.tr\/index.php?rest_route=\/wp\/v2\/posts"}],"about":[{"href":"https:\/\/haberbesiktas.tr\/index.php?rest_route=\/wp\/v2\/types\/post"}],"author":[{"embeddable":true,"href":"https:\/\/haberbesiktas.tr\/index.php?rest_route=\/wp\/v2\/users\/1"}],"replies":[{"embeddable":true,"href":"https:\/\/haberbesiktas.tr\/index.php?rest_route=%2Fwp%2Fv2%2Fcomments&post=5875"}],"version-history":[{"count":1,"href":"https:\/\/haberbesiktas.tr\/index.php?rest_route=\/wp\/v2\/posts\/5875\/revisions"}],"predecessor-version":[{"id":5877,"href":"https:\/\/haberbesiktas.tr\/index.php?rest_route=\/wp\/v2\/posts\/5875\/revisions\/5877"}],"wp:featuredmedia":[{"embeddable":true,"href":"https:\/\/haberbesiktas.tr\/index.php?rest_route=\/wp\/v2\/media\/5876"}],"wp:attachment":[{"href":"https:\/\/haberbesiktas.tr\/index.php?rest_route=%2Fwp%2Fv2%2Fmedia&parent=5875"}],"wp:term":[{"taxonomy":"category","embeddable":true,"href":"https:\/\/haberbesiktas.tr\/index.php?rest_route=%2Fwp%2Fv2%2Fcategories&post=5875"},{"taxonomy":"post_tag","embeddable":true,"href":"https:\/\/haberbesiktas.tr\/index.php?rest_route=%2Fwp%2Fv2%2Ftags&post=5875"}],"curies":[{"name":"wp","href":"https:\/\/api.w.org\/{rel}","templated":true}]}}