{"id":5878,"date":"2025-01-24T02:11:49","date_gmt":"2025-01-24T02:11:49","guid":{"rendered":"https:\/\/haberbesiktas.tr\/?p=5878"},"modified":"2025-01-24T02:11:49","modified_gmt":"2025-01-24T02:11:49","slug":"besiktas-acikladi-deplasman-yasagi-kalkti","status":"publish","type":"post","link":"https:\/\/haberbesiktas.tr\/?p=5878","title":{"rendered":"Be\u015fikta\u015f a\u00e7\u0131klad\u0131: &#8220;Deplasman yasa\u011f\u0131 kalkt\u0131&#8221;"},"content":{"rendered":"<div>Be\u015fikta\u015f Kul\u00fcb\u00fc, Twente ile oynayacaklar\u0131 Avrupa Ligi ma\u00e7\u0131 i\u00e7in al\u0131nan deplasman yasa\u011f\u0131n\u0131n kald\u0131r\u0131ld\u0131\u011f\u0131n\u0131 duyurdu.<\/p>\n<p> Kul\u00fcpten yap\u0131lan a\u00e7\u0131klamada \u015fu tabirler kullan\u0131ld\u0131: &#8220;Enschede Belediye Ba\u015fkan\u0131 Roelof Bleker, Futbol A Kadromuzun 30 Ocak 2025 tarihinde FC Twente Stadion&#8217;da FC Twente ile oynayaca\u011f\u0131 UEFA Avrupa Ligi kar\u015f\u0131la\u015fmas\u0131na taraftarlar\u0131m\u0131z\u0131n al\u0131nmamas\u0131na karar vermi\u015fti.<\/p>\n<p> Serdal Adal\u0131 Ba\u015fkanl\u0131\u011f\u0131ndaki \u0130dare Heyetimizin taraftarlar\u0131m\u0131z\u0131n FC Twente Stadion trib\u00fcnlerinde yer alabilmesi i\u00e7in Enschede Belediyesi, Hollanda g\u00fcvenlik makamlar\u0131, UEFA ve FC Twente nezdinde yapm\u0131\u015f oldu\u011fu a\u011f\u0131r te\u015febb\u00fcsler neticesinde Enschede Belediye Ba\u015fkan\u0131 Roelof Bleker, taraftarlar\u0131m\u0131z\u0131n stadyuma al\u0131nmas\u0131na karar vermi\u015ftir.<\/p>\n<p> Bilet sat\u0131\u015f\u0131 ve taraftarlar\u0131m\u0131z\u0131n stadyuma ula\u015f\u0131m\u0131 bahislerinde ayr\u0131nt\u0131l\u0131 bilgilendirme \u00f6n\u00fcm\u00fczdeki g\u00fcnlerde yap\u0131lacakt\u0131r.&#8221;<\/p>\n<p> Twente &#8211; Be\u015fikta\u015f UEFA Avrupa Ligi son hafta ma\u00e7\u0131 30 Ocak&#8217;ta oynanacak.<\/p>\n<\/div>\n","protected":false},"excerpt":{"rendered":"<p>Be\u015fikta\u015f Kul\u00fcb\u00fc, Twente ile oynayacaklar\u0131 Avrupa Ligi ma\u00e7\u0131 i\u00e7in al\u0131nan deplasman yasa\u011f\u0131n\u0131n kald\u0131r\u0131ld\u0131\u011f\u0131n\u0131 a\u00e7\u0131klad\u0131.<\/p>\n","protected":false},"author":1,"featured_media":5879,"comment_status":"open","ping_status":"open","sticky":false,"template":"","format":"standard","meta":{"footnotes":""},"categories":[25],"tags":[611],"class_list":["post-5878","post","type-post","status-publish","format-standard","has-post-thumbnail","hentry","category-futbol","tag-twente"],"_links":{"self":[{"href":"https:\/\/haberbesiktas.tr\/index.php?rest_route=\/wp\/v2\/posts\/5878","targetHints":{"allow":["GET"]}}],"collection":[{"href":"https:\/\/haberbesiktas.tr\/index.php?rest_route=\/wp\/v2\/posts"}],"about":[{"href":"https:\/\/haberbesiktas.tr\/index.php?rest_route=\/wp\/v2\/types\/post"}],"author":[{"embeddable":true,"href":"https:\/\/haberbesiktas.tr\/index.php?rest_route=\/wp\/v2\/users\/1"}],"replies":[{"embeddable":true,"href":"https:\/\/haberbesiktas.tr\/index.php?rest_route=%2Fwp%2Fv2%2Fcomments&post=5878"}],"version-history":[{"count":1,"href":"https:\/\/haberbesiktas.tr\/index.php?rest_route=\/wp\/v2\/posts\/5878\/revisions"}],"predecessor-version":[{"id":5880,"href":"https:\/\/haberbesiktas.tr\/index.php?rest_route=\/wp\/v2\/posts\/5878\/revisions\/5880"}],"wp:featuredmedia":[{"embeddable":true,"href":"https:\/\/haberbesiktas.tr\/index.php?rest_route=\/wp\/v2\/media\/5879"}],"wp:attachment":[{"href":"https:\/\/haberbesiktas.tr\/index.php?rest_route=%2Fwp%2Fv2%2Fmedia&parent=5878"}],"wp:term":[{"taxonomy":"category","embeddable":true,"href":"https:\/\/haberbesiktas.tr\/index.php?rest_route=%2Fwp%2Fv2%2Fcategories&post=5878"},{"taxonomy":"post_tag","embeddable":true,"href":"https:\/\/haberbesiktas.tr\/index.php?rest_route=%2Fwp%2Fv2%2Ftags&post=5878"}],"curies":[{"name":"wp","href":"https:\/\/api.w.org\/{rel}","templated":true}]}}