{"id":5881,"date":"2025-01-24T02:23:48","date_gmt":"2025-01-24T02:23:48","guid":{"rendered":"https:\/\/haberbesiktas.tr\/?p=5881"},"modified":"2025-01-24T02:23:48","modified_gmt":"2025-01-24T02:23:48","slug":"fenerbahcede-ayrilik-gelismesi-emir-ortakaya","status":"publish","type":"post","link":"https:\/\/haberbesiktas.tr\/?p=5881","title":{"rendered":"Fenerbah\u00e7e&#8217;de ayr\u0131l\u0131k geli\u015fmesi: Emir Ortakaya"},"content":{"rendered":"<div>Transfer \u00e7al\u0131\u015fmalar\u0131n\u0131 s\u00fcrd\u00fcren Fenerbah\u00e7e&#8217;de 20 ya\u015f\u0131ndaki Buyruk Ortakaya ile ilgili yeni bir geli\u015fme ya\u015fand\u0131.\u00a0<\/p>\n<p>Sezonun birinci yar\u0131s\u0131n\u0131 Bel\u00e7ika tak\u0131m\u0131 Westerlo&#8217;da kiral\u0131k olarak ge\u00e7iren Buyruk Ortakaya, bonservisini elinde bulunduran Fenerbah\u00e7e&#8217;ye d\u00f6nm\u00fc\u015ft\u00fc.<\/p>\n<p><span>Ya\u011f\u0131z Sabuncuo\u011flu&#8217;nun haberine nazaran, <strong>Fenerbah\u00e7e formas\u0131 giyen Buyruk Ortakaya, Beerschot VA ile transfer g\u00f6r\u00fc\u015fmelerinde bulunmak i\u00e7in Bel\u00e7ika&#8217;ya gitti.<\/strong><\/p>\n<p><strong>WESTERLO&#8217;DA NE YAPTI?<\/strong><\/p>\n<p><span>20 ya\u015f\u0131ndaki gen\u00e7 stoper, bu d\u00f6nem Westerlo formas\u0131yla \u00e7\u0131kt\u0131\u011f\u0131 5 ma\u00e7ta 1 asistlik performans g\u00f6sterdi.\u00a0<\/span><\/span><\/div>\n","protected":false},"excerpt":{"rendered":"<p>Fenerbah\u00e7e formas\u0131 giyen Buyruk Ortakaya, Beerschot VA ile transfer g\u00f6r\u00fc\u015fmelerinde bulunmak i\u00e7in Bel\u00e7ika&#8217;ya gitti.<\/p>\n","protected":false},"author":1,"featured_media":5882,"comment_status":"open","ping_status":"open","sticky":false,"template":"","format":"standard","meta":{"footnotes":""},"categories":[25],"tags":[],"class_list":["post-5881","post","type-post","status-publish","format-standard","has-post-thumbnail","hentry","category-futbol"],"_links":{"self":[{"href":"https:\/\/haberbesiktas.tr\/index.php?rest_route=\/wp\/v2\/posts\/5881","targetHints":{"allow":["GET"]}}],"collection":[{"href":"https:\/\/haberbesiktas.tr\/index.php?rest_route=\/wp\/v2\/posts"}],"about":[{"href":"https:\/\/haberbesiktas.tr\/index.php?rest_route=\/wp\/v2\/types\/post"}],"author":[{"embeddable":true,"href":"https:\/\/haberbesiktas.tr\/index.php?rest_route=\/wp\/v2\/users\/1"}],"replies":[{"embeddable":true,"href":"https:\/\/haberbesiktas.tr\/index.php?rest_route=%2Fwp%2Fv2%2Fcomments&post=5881"}],"version-history":[{"count":1,"href":"https:\/\/haberbesiktas.tr\/index.php?rest_route=\/wp\/v2\/posts\/5881\/revisions"}],"predecessor-version":[{"id":5883,"href":"https:\/\/haberbesiktas.tr\/index.php?rest_route=\/wp\/v2\/posts\/5881\/revisions\/5883"}],"wp:featuredmedia":[{"embeddable":true,"href":"https:\/\/haberbesiktas.tr\/index.php?rest_route=\/wp\/v2\/media\/5882"}],"wp:attachment":[{"href":"https:\/\/haberbesiktas.tr\/index.php?rest_route=%2Fwp%2Fv2%2Fmedia&parent=5881"}],"wp:term":[{"taxonomy":"category","embeddable":true,"href":"https:\/\/haberbesiktas.tr\/index.php?rest_route=%2Fwp%2Fv2%2Fcategories&post=5881"},{"taxonomy":"post_tag","embeddable":true,"href":"https:\/\/haberbesiktas.tr\/index.php?rest_route=%2Fwp%2Fv2%2Ftags&post=5881"}],"curies":[{"name":"wp","href":"https:\/\/api.w.org\/{rel}","templated":true}]}}