{"id":5884,"date":"2025-01-24T02:47:48","date_gmt":"2025-01-24T02:47:48","guid":{"rendered":"https:\/\/haberbesiktas.tr\/?p=5884"},"modified":"2025-01-24T02:47:48","modified_gmt":"2025-01-24T02:47:48","slug":"joan-laporta-utanc-verici-bir-hikaye-yazdilar","status":"publish","type":"post","link":"https:\/\/haberbesiktas.tr\/?p=5884","title":{"rendered":"Joan Laporta: &#8220;Utan\u00e7 verici bir hikaye yazd\u0131lar&#8221;"},"content":{"rendered":"<div>Barcelona Ba\u015fkan\u0131 Joan Laporta, kul\u00fcb\u00fcn mali a\u00e7\u0131dan bir sorununun olmad\u0131\u011f\u0131n\u0131 belirtti. <\/p>\n<p>Joan Laporta yapt\u0131\u011f\u0131 a\u00e7\u0131klamada, &#8220;Son birka\u00e7 haftada ya\u015fad\u0131\u011f\u0131m\u0131z olaylar Barcelona&#8217;n\u0131n g\u00fcc\u00fcn\u00fc tekrar ortaya koydu. Bilgi eksikli\u011fi ya da mak\u00fbs niyetli be\u015ferler sebebiyle k\u0131yametvari k\u0131ssalar yaz\u0131ld\u0131. \u015eu anda kul\u00fcb\u00fcm\u00fcz mali a\u00e7\u0131dan ola\u011fan bir durumda.&#8221; dedi.<\/p>\n<p><strong>\u00a0&#8220;UTAN\u00c7 VER\u0130C\u0130 B\u0130R H\u0130KAYE&#8221;<\/strong><\/p>\n<p>Barcelona&#8217;y\u0131 kimsenin itibars\u0131zla\u015ft\u0131ramayaca\u011f\u0131n\u0131 s\u00f6yleyen Laporta, &#8220;Medya takviyesiyle kimi bireyler, ger\u00e7eklikle hi\u00e7bir alakas\u0131 olmayan utan\u00e7 verici bir k\u0131ssa yaratmak i\u00e7in g\u00fc\u00e7lerini birle\u015ftirdiler. Bu insanlar\u0131n kazanamad\u0131\u011f\u0131n\u0131 g\u00f6rmek beni memnun ediyor. Hi\u00e7bir olay, milyonlarca insan taraf\u0131ndan sevilen bir kul\u00fcp olan Barcelona&#8217;y\u0131 itibars\u0131zla\u015ft\u0131ramaz.&#8221; tabirlerini kulland\u0131.<\/p><\/div>\n","protected":false},"excerpt":{"rendered":"<p>Barcelona Ba\u015fkan\u0131 Joan Laporta, kul\u00fcb\u00fcn mali a\u00e7\u0131dan bir sorununun olmad\u0131\u011f\u0131n\u0131 s\u00f6yledi.<\/p>\n","protected":false},"author":1,"featured_media":5885,"comment_status":"open","ping_status":"open","sticky":false,"template":"","format":"standard","meta":{"footnotes":""},"categories":[25],"tags":[],"class_list":["post-5884","post","type-post","status-publish","format-standard","has-post-thumbnail","hentry","category-futbol"],"_links":{"self":[{"href":"https:\/\/haberbesiktas.tr\/index.php?rest_route=\/wp\/v2\/posts\/5884","targetHints":{"allow":["GET"]}}],"collection":[{"href":"https:\/\/haberbesiktas.tr\/index.php?rest_route=\/wp\/v2\/posts"}],"about":[{"href":"https:\/\/haberbesiktas.tr\/index.php?rest_route=\/wp\/v2\/types\/post"}],"author":[{"embeddable":true,"href":"https:\/\/haberbesiktas.tr\/index.php?rest_route=\/wp\/v2\/users\/1"}],"replies":[{"embeddable":true,"href":"https:\/\/haberbesiktas.tr\/index.php?rest_route=%2Fwp%2Fv2%2Fcomments&post=5884"}],"version-history":[{"count":1,"href":"https:\/\/haberbesiktas.tr\/index.php?rest_route=\/wp\/v2\/posts\/5884\/revisions"}],"predecessor-version":[{"id":5886,"href":"https:\/\/haberbesiktas.tr\/index.php?rest_route=\/wp\/v2\/posts\/5884\/revisions\/5886"}],"wp:featuredmedia":[{"embeddable":true,"href":"https:\/\/haberbesiktas.tr\/index.php?rest_route=\/wp\/v2\/media\/5885"}],"wp:attachment":[{"href":"https:\/\/haberbesiktas.tr\/index.php?rest_route=%2Fwp%2Fv2%2Fmedia&parent=5884"}],"wp:term":[{"taxonomy":"category","embeddable":true,"href":"https:\/\/haberbesiktas.tr\/index.php?rest_route=%2Fwp%2Fv2%2Fcategories&post=5884"},{"taxonomy":"post_tag","embeddable":true,"href":"https:\/\/haberbesiktas.tr\/index.php?rest_route=%2Fwp%2Fv2%2Ftags&post=5884"}],"curies":[{"name":"wp","href":"https:\/\/api.w.org\/{rel}","templated":true}]}}