{"id":5887,"date":"2025-01-24T02:59:48","date_gmt":"2025-01-24T02:59:48","guid":{"rendered":"https:\/\/haberbesiktas.tr\/?p=5887"},"modified":"2025-01-24T02:59:48","modified_gmt":"2025-01-24T02:59:48","slug":"galatasaraydan-7-milyon-euroluk-teklife-ret","status":"publish","type":"post","link":"https:\/\/haberbesiktas.tr\/?p=5887","title":{"rendered":"Galatasaray&#8217;dan 7 milyon euroluk teklife ret!"},"content":{"rendered":"<div>Galatasaray&#8217;da ayr\u0131lma ihtimali y\u00fckselen Victor Nelsson i\u00e7in s\u0131cak bir geli\u015fme ya\u015fand\u0131.<\/p>\n<p> A Spor&#8217;da yer alan habere nazaran; Anderlecht, Victor Nelsson i\u00e7in Galatasaray&#8217;la temasa ge\u00e7ti.<\/p>\n<p> <strong>ANDERLECHT&#8217;\u0130N TEKL\u0130F\u0130<\/strong><\/p>\n<p> Haberde Bel\u00e7ika tak\u0131m\u0131n\u0131n Danimarkal\u0131 stoper i\u00e7in sar\u0131 k\u0131rm\u0131z\u0131l\u0131 gruba 7 milyon euroluk teklif yapt\u0131\u011f\u0131 belirtildi.<\/p>\n<p> <strong>GALATASARAY&#8217;DAN CEVAP<\/strong><\/p>\n<p> Bu teklifi yetersiz bulan Galatasaray idaresi, Bel\u00e7ika tak\u0131m\u0131na olumsuz kar\u015f\u0131l\u0131k verdi.<\/p>\n<p>Victor Nelsson ile Anderlecht d\u0131\u015f\u0131nda Frans\u0131z tak\u0131m\u0131 Rennes&#8217;in de ilgilendi\u011fi s\u00f6z edildi.<\/p>\n<p> 26 ya\u015f\u0131ndaki futbolcu, bu d\u00f6nem Galatasaray&#8217;da 16 ma\u00e7a \u00e7\u0131kt\u0131 ve toplam 614 dakika m\u00fcddet ald\u0131.\u00a0<\/p>\n<div>\u00a0<\/div>\n<\/div>\n","protected":false},"excerpt":{"rendered":"<p>Galatasaray, Bel\u00e7ika tak\u0131m\u0131 Anderlecht&#8217;ten Victor Nelsson i\u00e7in gelen teklifi reddetti. \u0130\u015fte ayr\u0131nt\u0131lar&#8230;<\/p>\n","protected":false},"author":1,"featured_media":5888,"comment_status":"open","ping_status":"open","sticky":false,"template":"","format":"standard","meta":{"footnotes":""},"categories":[25],"tags":[129],"class_list":["post-5887","post","type-post","status-publish","format-standard","has-post-thumbnail","hentry","category-futbol","tag-galatasaray"],"_links":{"self":[{"href":"https:\/\/haberbesiktas.tr\/index.php?rest_route=\/wp\/v2\/posts\/5887","targetHints":{"allow":["GET"]}}],"collection":[{"href":"https:\/\/haberbesiktas.tr\/index.php?rest_route=\/wp\/v2\/posts"}],"about":[{"href":"https:\/\/haberbesiktas.tr\/index.php?rest_route=\/wp\/v2\/types\/post"}],"author":[{"embeddable":true,"href":"https:\/\/haberbesiktas.tr\/index.php?rest_route=\/wp\/v2\/users\/1"}],"replies":[{"embeddable":true,"href":"https:\/\/haberbesiktas.tr\/index.php?rest_route=%2Fwp%2Fv2%2Fcomments&post=5887"}],"version-history":[{"count":1,"href":"https:\/\/haberbesiktas.tr\/index.php?rest_route=\/wp\/v2\/posts\/5887\/revisions"}],"predecessor-version":[{"id":5889,"href":"https:\/\/haberbesiktas.tr\/index.php?rest_route=\/wp\/v2\/posts\/5887\/revisions\/5889"}],"wp:featuredmedia":[{"embeddable":true,"href":"https:\/\/haberbesiktas.tr\/index.php?rest_route=\/wp\/v2\/media\/5888"}],"wp:attachment":[{"href":"https:\/\/haberbesiktas.tr\/index.php?rest_route=%2Fwp%2Fv2%2Fmedia&parent=5887"}],"wp:term":[{"taxonomy":"category","embeddable":true,"href":"https:\/\/haberbesiktas.tr\/index.php?rest_route=%2Fwp%2Fv2%2Fcategories&post=5887"},{"taxonomy":"post_tag","embeddable":true,"href":"https:\/\/haberbesiktas.tr\/index.php?rest_route=%2Fwp%2Fv2%2Ftags&post=5887"}],"curies":[{"name":"wp","href":"https:\/\/api.w.org\/{rel}","templated":true}]}}