{"id":5890,"date":"2025-01-24T03:11:48","date_gmt":"2025-01-24T03:11:48","guid":{"rendered":"https:\/\/haberbesiktas.tr\/?p=5890"},"modified":"2025-01-24T03:11:48","modified_gmt":"2025-01-24T03:11:48","slug":"canli-kizilyildiz-fenerbahce-beko","status":"publish","type":"post","link":"https:\/\/haberbesiktas.tr\/?p=5890","title":{"rendered":"CANLI| K\u0131z\u0131ly\u0131ld\u0131z &#8211; Fenerbah\u00e7e Beko"},"content":{"rendered":"<div>Fenerbah\u00e7e Beko, THY EuroLeague&#8217;in 21. haftas\u0131nda S\u0131rbistan&#8217;\u0131n K\u0131z\u0131ly\u0131ld\u0131z ekibine konuk oluyor.<\/p>\n<p> Belgrad Arena&#8217;daki m\u00fcsabaka TS\u0130 22.00&#8217;de ba\u015flad\u0131. U\u011fra\u015f Bilyoner TV ve S Sport&#8217;tan yay\u0131nlan\u0131yor.<\/p>\n<p><span><strong>CANLI SKOR:\u00a0<\/strong><\/span><\/p>\n<p><span><strong>KIZILYILDIZ: 0<\/strong><\/span><\/p>\n<p><span><strong>FENERBAH\u00c7E BEKO: 0<\/strong><\/span><\/p>\n<p><span><strong>(1. PER\u0130YOT)<\/strong><\/span><\/p>\n<p><span><strong><span>S\u00dcREKL\u0130 G\u00dcNCELLENMEKTED\u0130R,<\/span><\/strong><\/span><br \/><span><strong><span>SAYFAYI YEN\u0130LEMEK \u0130\u00c7\u0130N TIKLAYIN<\/span><\/strong><\/span><\/p>\n<\/div>\n","protected":false},"excerpt":{"rendered":"<p>Fenerbah\u00e7e Beko, THY EuroLeague&#8217;in 21. haftas\u0131nda S\u0131rbistan&#8217;\u0131n K\u0131z\u0131ly\u0131ld\u0131z kadrosuyla deplasmanda kar\u015f\u0131la\u015f\u0131yor.<\/p>\n","protected":false},"author":1,"featured_media":5891,"comment_status":"open","ping_status":"open","sticky":false,"template":"","format":"standard","meta":{"footnotes":""},"categories":[10],"tags":[],"class_list":["post-5890","post","type-post","status-publish","format-standard","has-post-thumbnail","hentry","category-basketbol"],"_links":{"self":[{"href":"https:\/\/haberbesiktas.tr\/index.php?rest_route=\/wp\/v2\/posts\/5890","targetHints":{"allow":["GET"]}}],"collection":[{"href":"https:\/\/haberbesiktas.tr\/index.php?rest_route=\/wp\/v2\/posts"}],"about":[{"href":"https:\/\/haberbesiktas.tr\/index.php?rest_route=\/wp\/v2\/types\/post"}],"author":[{"embeddable":true,"href":"https:\/\/haberbesiktas.tr\/index.php?rest_route=\/wp\/v2\/users\/1"}],"replies":[{"embeddable":true,"href":"https:\/\/haberbesiktas.tr\/index.php?rest_route=%2Fwp%2Fv2%2Fcomments&post=5890"}],"version-history":[{"count":1,"href":"https:\/\/haberbesiktas.tr\/index.php?rest_route=\/wp\/v2\/posts\/5890\/revisions"}],"predecessor-version":[{"id":5892,"href":"https:\/\/haberbesiktas.tr\/index.php?rest_route=\/wp\/v2\/posts\/5890\/revisions\/5892"}],"wp:featuredmedia":[{"embeddable":true,"href":"https:\/\/haberbesiktas.tr\/index.php?rest_route=\/wp\/v2\/media\/5891"}],"wp:attachment":[{"href":"https:\/\/haberbesiktas.tr\/index.php?rest_route=%2Fwp%2Fv2%2Fmedia&parent=5890"}],"wp:term":[{"taxonomy":"category","embeddable":true,"href":"https:\/\/haberbesiktas.tr\/index.php?rest_route=%2Fwp%2Fv2%2Fcategories&post=5890"},{"taxonomy":"post_tag","embeddable":true,"href":"https:\/\/haberbesiktas.tr\/index.php?rest_route=%2Fwp%2Fv2%2Ftags&post=5890"}],"curies":[{"name":"wp","href":"https:\/\/api.w.org\/{rel}","templated":true}]}}