{"id":5896,"date":"2025-01-24T03:35:49","date_gmt":"2025-01-24T03:35:49","guid":{"rendered":"https:\/\/haberbesiktas.tr\/?p=5896"},"modified":"2025-01-24T03:35:49","modified_gmt":"2025-01-24T03:35:49","slug":"rennes-2-lig-ekibine-kupada-elendi","status":"publish","type":"post","link":"https:\/\/haberbesiktas.tr\/?p=5896","title":{"rendered":"Rennes, 2. lig ekibine kupada elendi!"},"content":{"rendered":"<div>Rennes, Fransa Kupas\u0131 son 32 \u00e7e\u015fidi ma\u00e7\u0131nda Troyes ile kar\u015f\u0131 kar\u015f\u0131ya geldi. Stade de I&#8217;Aube&#8217;de oynanan ma\u00e7\u0131 Troyes 1-0 kazand\u0131.<\/p>\n<p> Mesken sahibi tak\u0131ma galibiyeti getiren gol\u00fc 56. dakikada Rafiki Said kaydetti.<\/p>\n<p> Bu sonucun akabinde Ligue 2&#8217;de u\u011fra\u015f eden Troyes, kupada \u00fcst cinse \u00e7\u0131kan ekip oldu. Rennes ise turnuvaya veda etti.<\/p>\n<\/div>\n","protected":false},"excerpt":{"rendered":"<p>Fransa Kupas\u0131 son 32 tipi ma\u00e7\u0131nda Troyes&#8217;e 1-0 kaybeden Rennes, kupaya veda etti.<\/p>\n","protected":false},"author":1,"featured_media":5897,"comment_status":"open","ping_status":"open","sticky":false,"template":"","format":"standard","meta":{"footnotes":""},"categories":[25],"tags":[],"class_list":["post-5896","post","type-post","status-publish","format-standard","has-post-thumbnail","hentry","category-futbol"],"_links":{"self":[{"href":"https:\/\/haberbesiktas.tr\/index.php?rest_route=\/wp\/v2\/posts\/5896","targetHints":{"allow":["GET"]}}],"collection":[{"href":"https:\/\/haberbesiktas.tr\/index.php?rest_route=\/wp\/v2\/posts"}],"about":[{"href":"https:\/\/haberbesiktas.tr\/index.php?rest_route=\/wp\/v2\/types\/post"}],"author":[{"embeddable":true,"href":"https:\/\/haberbesiktas.tr\/index.php?rest_route=\/wp\/v2\/users\/1"}],"replies":[{"embeddable":true,"href":"https:\/\/haberbesiktas.tr\/index.php?rest_route=%2Fwp%2Fv2%2Fcomments&post=5896"}],"version-history":[{"count":1,"href":"https:\/\/haberbesiktas.tr\/index.php?rest_route=\/wp\/v2\/posts\/5896\/revisions"}],"predecessor-version":[{"id":5898,"href":"https:\/\/haberbesiktas.tr\/index.php?rest_route=\/wp\/v2\/posts\/5896\/revisions\/5898"}],"wp:featuredmedia":[{"embeddable":true,"href":"https:\/\/haberbesiktas.tr\/index.php?rest_route=\/wp\/v2\/media\/5897"}],"wp:attachment":[{"href":"https:\/\/haberbesiktas.tr\/index.php?rest_route=%2Fwp%2Fv2%2Fmedia&parent=5896"}],"wp:term":[{"taxonomy":"category","embeddable":true,"href":"https:\/\/haberbesiktas.tr\/index.php?rest_route=%2Fwp%2Fv2%2Fcategories&post=5896"},{"taxonomy":"post_tag","embeddable":true,"href":"https:\/\/haberbesiktas.tr\/index.php?rest_route=%2Fwp%2Fv2%2Ftags&post=5896"}],"curies":[{"name":"wp","href":"https:\/\/api.w.org\/{rel}","templated":true}]}}