{"id":6015,"date":"2025-01-24T18:11:52","date_gmt":"2025-01-24T18:11:52","guid":{"rendered":"https:\/\/haberbesiktas.tr\/?p=6015"},"modified":"2025-01-24T18:11:52","modified_gmt":"2025-01-24T18:11:52","slug":"besiktasta-limit-yok-care-kiralama","status":"publish","type":"post","link":"https:\/\/haberbesiktas.tr\/?p=6015","title":{"rendered":"Be\u015fikta\u015f&#8217;ta limit yok, \u00e7are kiralama"},"content":{"rendered":"<div>Kartal \u015fampiyonluk yar\u0131\u015f\u0131ndan erken kopsa da Ziraat T\u00fcrkiye Kupas\u0131 amac\u0131na ula\u015fmak i\u00e7in orta transferde golc\u00fc, stoper ve sol kanat deste\u011fi yapmay\u0131 planl\u0131yor. <\/p>\n<p>Siyah-beyazl\u0131lar \u00f6teki yandan yabanc\u0131 teknik y\u00f6netici aray\u0131\u015flar\u0131n\u0131 da s\u00fcrd\u00fcr\u00fcyor. Lakin Be\u015fikta\u015f&#8217;\u0131n bu planlar\u0131n\u0131 hayata ge\u00e7irmesi mevcut finansal tablo nedeniyle kolay g\u00f6r\u00fcnm\u00fcyor.<\/p>\n<p> <strong>HARCAMA L\u0130M\u0130T\u0130<\/strong><\/p>\n<p> Siyah-beyazl\u0131 kul\u00fcb\u00fcn harcama limiti y\u00fczde 30 sapmayla birlikte 1 milyar 195 milyon 663 bin lira olarak belirlendi. <\/p>\n<p>Bu limit mevcut tak\u0131m\u0131n maa\u015f b\u00fct\u00e7esine neredeyse denk geliyor. Oyuncu satmadan bonservis bedeli \u00f6deyerek transfer yapmas\u0131 g\u00fc\u00e7 olan idare bu nedenle \u00f6ncelikle kiral\u0131k futbolcu ar\u0131yor. <\/p>\n<p>Golc\u00fc, stoper ve sol kanat destekleri kiral\u0131k olarak d\u00fc\u015f\u00fcn\u00fcl\u00fcyor. Siyah beyazl\u0131lar transferde limit a\u015f\u0131m\u0131 yapmamak i\u00e7in sat\u0131n alma opsiyonlu kiralama se\u00e7ene\u011fini de kullanabilir. <\/p>\n<p>Bu durumda evvel kiralama d\u00f6nem sonunda ise sat\u0131n alma form\u00fcl\u00fc uygulanacak.<\/p>\n<p><strong>PAULISTA EN ERKEN \u015eUBATTA<\/strong><\/p>\n<p> Bu ortada saha ko\u015fular\u0131na ba\u015flayan Gabriel Paulista en erken \u015fubat ay\u0131n\u0131n sonunda yahut mart ay\u0131n\u0131n ba\u015f\u0131nda kadroya d\u00f6necek. <\/p>\n<p>Siyah-beyazl\u0131lar bu y\u00fczden orta transferde stoper deste\u011fine de \u00f6ncelik verecek. Golc\u00fc ve stoperden sonra \u015fartlar uygun olursa sol kanat deste\u011fi yap\u0131lacak.<\/p>\n<\/div>\n","protected":false},"excerpt":{"rendered":"<p>Be\u015fikta\u015f, kul\u00fcp harcama limitinin %30 sapmayla birlikte 1 milyar 195 milyon lira olarak belirlenmesi nedeniyle golc\u00fc, stoper ve kanat i\u00e7in plan\u0131n\u0131 belirledi.<\/p>\n","protected":false},"author":1,"featured_media":6016,"comment_status":"open","ping_status":"open","sticky":false,"template":"","format":"standard","meta":{"footnotes":""},"categories":[25],"tags":[],"class_list":["post-6015","post","type-post","status-publish","format-standard","has-post-thumbnail","hentry","category-futbol"],"_links":{"self":[{"href":"https:\/\/haberbesiktas.tr\/index.php?rest_route=\/wp\/v2\/posts\/6015","targetHints":{"allow":["GET"]}}],"collection":[{"href":"https:\/\/haberbesiktas.tr\/index.php?rest_route=\/wp\/v2\/posts"}],"about":[{"href":"https:\/\/haberbesiktas.tr\/index.php?rest_route=\/wp\/v2\/types\/post"}],"author":[{"embeddable":true,"href":"https:\/\/haberbesiktas.tr\/index.php?rest_route=\/wp\/v2\/users\/1"}],"replies":[{"embeddable":true,"href":"https:\/\/haberbesiktas.tr\/index.php?rest_route=%2Fwp%2Fv2%2Fcomments&post=6015"}],"version-history":[{"count":1,"href":"https:\/\/haberbesiktas.tr\/index.php?rest_route=\/wp\/v2\/posts\/6015\/revisions"}],"predecessor-version":[{"id":6017,"href":"https:\/\/haberbesiktas.tr\/index.php?rest_route=\/wp\/v2\/posts\/6015\/revisions\/6017"}],"wp:featuredmedia":[{"embeddable":true,"href":"https:\/\/haberbesiktas.tr\/index.php?rest_route=\/wp\/v2\/media\/6016"}],"wp:attachment":[{"href":"https:\/\/haberbesiktas.tr\/index.php?rest_route=%2Fwp%2Fv2%2Fmedia&parent=6015"}],"wp:term":[{"taxonomy":"category","embeddable":true,"href":"https:\/\/haberbesiktas.tr\/index.php?rest_route=%2Fwp%2Fv2%2Fcategories&post=6015"},{"taxonomy":"post_tag","embeddable":true,"href":"https:\/\/haberbesiktas.tr\/index.php?rest_route=%2Fwp%2Fv2%2Ftags&post=6015"}],"curies":[{"name":"wp","href":"https:\/\/api.w.org\/{rel}","templated":true}]}}