{"id":6018,"date":"2025-01-24T18:35:53","date_gmt":"2025-01-24T18:35:53","guid":{"rendered":"https:\/\/haberbesiktas.tr\/?p=6018"},"modified":"2025-01-24T18:35:53","modified_gmt":"2025-01-24T18:35:53","slug":"fenerbahceye-sol-bek-onerisi-kieran-tierney","status":"publish","type":"post","link":"https:\/\/haberbesiktas.tr\/?p=6018","title":{"rendered":"Fenerbah\u00e7e&#8217;ye sol bek \u00f6nerisi: Kieran Tierney"},"content":{"rendered":"<div>Transfer \u00e7al\u0131\u015fmalar\u0131n\u0131 s\u00fcrd\u00fcren Fenerbah\u00e7e, sol bek aray\u0131\u015f\u0131n\u0131 s\u00fcrd\u00fcr\u00fcyor.<\/p>\n<p> Patrick Dorgu i\u00e7in Lecce&#8217;nin y\u00fcksekten u\u00e7mas\u0131 nedeniyle bu oyuncu rafa kald\u0131r\u0131ld\u0131. Sergio Reguilon gelmeye haz\u0131r, lakin Fenerbah\u00e7e, daha g\u00fczelinin pe\u015finde. \u0130dareye menajerlerin \u00f6nerdi\u011fi son ismin <strong>Kieran Tierney<\/strong> oldu\u011fu kaydedildi.<\/p>\n<p> <strong>\u0130LK AVRUPA MA\u00c7I F.BAH\u00c7E&#8217;YE KAR\u015eI<\/strong><\/p>\n<p> Celtic altyap\u0131s\u0131ndan yeti\u015fen, \u0130sko\u00e7 futbolunun en b\u00fcy\u00fck potansiyellerinden biri olarak g\u00f6sterilen Tierney, Avrupa Kupalar\u0131&#8217;ndaki birinci ma\u00e7\u0131na 2015&#8217;te Fenerbah\u00e7e&#8217;ye kar\u015f\u0131 \u00e7\u0131km\u0131\u015f, gayret 2-2 sona ermi\u015fti.<\/p>\n<p> <strong>MOURINHO YAKINDAN TANIYOR<\/strong><\/p>\n<p> 2019&#8217;da transfer oldu\u011fu Arsenal&#8217;\u0131n tak\u0131mda d\u00fc\u015f\u00fcnmedi\u011fi ve kontrat\u0131 d\u00f6nem sonunda bitecek olan 27 ya\u015f\u0131ndaki sol bek, y\u0131llarca \u0130ngiltere&#8217;de \u00e7al\u0131\u015fan Mourinho&#8217;nun yak\u0131ndan tan\u0131d\u0131\u011f\u0131 bir isim.<\/p>\n<p> <strong>SAKATLIK GE\u00c7M\u0130\u015e\u0130 TELA\u015e VER\u0130C\u0130<\/strong><\/p>\n<p> Stoper olarak da oynayabilen \u0130sko\u00e7 y\u0131ld\u0131z\u0131n durumuna bak\u0131ld\u0131\u011f\u0131, sakatl\u0131k ge\u00e7mi\u015finin soru i\u015fareti olu\u015fturdu\u011fu \u00f6\u011frenildi.\u00a0<\/p>\n<p> \u00a0<\/p>\n<\/div>\n","protected":false},"excerpt":{"rendered":"<p>Mesle\u011findeki birinci Avrupa ma\u00e7\u0131na 2015&#8217;te Fenerbah\u00e7e&#8217;ye kar\u015f\u0131 \u00e7\u0131kan Kieran Tierney, menajerler arac\u0131l\u0131\u011f\u0131yla Sar\u0131-Lacivertliler&#8217;e \u00f6nerildi.<\/p>\n","protected":false},"author":1,"featured_media":6019,"comment_status":"open","ping_status":"open","sticky":false,"template":"","format":"standard","meta":{"footnotes":""},"categories":[25],"tags":[],"class_list":["post-6018","post","type-post","status-publish","format-standard","has-post-thumbnail","hentry","category-futbol"],"_links":{"self":[{"href":"https:\/\/haberbesiktas.tr\/index.php?rest_route=\/wp\/v2\/posts\/6018","targetHints":{"allow":["GET"]}}],"collection":[{"href":"https:\/\/haberbesiktas.tr\/index.php?rest_route=\/wp\/v2\/posts"}],"about":[{"href":"https:\/\/haberbesiktas.tr\/index.php?rest_route=\/wp\/v2\/types\/post"}],"author":[{"embeddable":true,"href":"https:\/\/haberbesiktas.tr\/index.php?rest_route=\/wp\/v2\/users\/1"}],"replies":[{"embeddable":true,"href":"https:\/\/haberbesiktas.tr\/index.php?rest_route=%2Fwp%2Fv2%2Fcomments&post=6018"}],"version-history":[{"count":1,"href":"https:\/\/haberbesiktas.tr\/index.php?rest_route=\/wp\/v2\/posts\/6018\/revisions"}],"predecessor-version":[{"id":6020,"href":"https:\/\/haberbesiktas.tr\/index.php?rest_route=\/wp\/v2\/posts\/6018\/revisions\/6020"}],"wp:featuredmedia":[{"embeddable":true,"href":"https:\/\/haberbesiktas.tr\/index.php?rest_route=\/wp\/v2\/media\/6019"}],"wp:attachment":[{"href":"https:\/\/haberbesiktas.tr\/index.php?rest_route=%2Fwp%2Fv2%2Fmedia&parent=6018"}],"wp:term":[{"taxonomy":"category","embeddable":true,"href":"https:\/\/haberbesiktas.tr\/index.php?rest_route=%2Fwp%2Fv2%2Fcategories&post=6018"},{"taxonomy":"post_tag","embeddable":true,"href":"https:\/\/haberbesiktas.tr\/index.php?rest_route=%2Fwp%2Fv2%2Ftags&post=6018"}],"curies":[{"name":"wp","href":"https:\/\/api.w.org\/{rel}","templated":true}]}}