{"id":6021,"date":"2025-01-24T18:47:52","date_gmt":"2025-01-24T18:47:52","guid":{"rendered":"https:\/\/haberbesiktas.tr\/?p=6021"},"modified":"2025-01-24T18:47:52","modified_gmt":"2025-01-24T18:47:52","slug":"svensson-mu-onur-bulut-mu","status":"publish","type":"post","link":"https:\/\/haberbesiktas.tr\/?p=6021","title":{"rendered":"Svensson mu, Onur Bulut mu?"},"content":{"rendered":"<div>Be\u015fikta\u015f Teknik Sorumlusu Serdar Topraktepe, Samsunspor ma\u00e7\u0131nda alana s\u00fcrece\u011fi b\u00fcy\u00fck \u00f6l\u00e7\u00fcde belirledi.<\/p>\n<p> Bodrum FK&#8217;yi yendikleri son lig ma\u00e7\u0131n\u0131n tak\u0131m\u0131nda de\u011fi\u015fiklik d\u00fc\u015f\u00fcnmeyen siyah-beyazl\u0131 hocan\u0131n yaln\u0131zca sa\u011f bek konumu i\u00e7in kesin bir karar vermedi\u011fi s\u00f6z edildi.<\/p>\n<p> Onur Bulut, Svensson&#8217;un cezas\u0131 y\u00fcz\u00fcnden forma giyemedi\u011fi Bodrum FK ma\u00e7\u0131nda Immobile&#8217;ye yapt\u0131\u011f\u0131 asist ve performans\u0131yla alk\u0131\u015f toplam\u0131\u015ft\u0131.<\/p>\n<p> Serdar Topraktepe&#8217;nin Samsunspor kar\u015f\u0131la\u015fmas\u0131na Svensson yerine formda ve moralli olan Onur&#8217;la ba\u015flayabilece\u011fi vurguland\u0131.<\/p>\n<\/div>\n","protected":false},"excerpt":{"rendered":"<p>Be\u015fikta\u015f&#8217;ta teknik sorumlu Serdar Topraktepe, Samsunspor ma\u00e7\u0131n\u0131n birinci 11&#8217;inde yer alacak sa\u011f bek konusunda karars\u0131z.<\/p>\n","protected":false},"author":1,"featured_media":6022,"comment_status":"open","ping_status":"open","sticky":false,"template":"","format":"standard","meta":{"footnotes":""},"categories":[25],"tags":[],"class_list":["post-6021","post","type-post","status-publish","format-standard","has-post-thumbnail","hentry","category-futbol"],"_links":{"self":[{"href":"https:\/\/haberbesiktas.tr\/index.php?rest_route=\/wp\/v2\/posts\/6021","targetHints":{"allow":["GET"]}}],"collection":[{"href":"https:\/\/haberbesiktas.tr\/index.php?rest_route=\/wp\/v2\/posts"}],"about":[{"href":"https:\/\/haberbesiktas.tr\/index.php?rest_route=\/wp\/v2\/types\/post"}],"author":[{"embeddable":true,"href":"https:\/\/haberbesiktas.tr\/index.php?rest_route=\/wp\/v2\/users\/1"}],"replies":[{"embeddable":true,"href":"https:\/\/haberbesiktas.tr\/index.php?rest_route=%2Fwp%2Fv2%2Fcomments&post=6021"}],"version-history":[{"count":1,"href":"https:\/\/haberbesiktas.tr\/index.php?rest_route=\/wp\/v2\/posts\/6021\/revisions"}],"predecessor-version":[{"id":6023,"href":"https:\/\/haberbesiktas.tr\/index.php?rest_route=\/wp\/v2\/posts\/6021\/revisions\/6023"}],"wp:featuredmedia":[{"embeddable":true,"href":"https:\/\/haberbesiktas.tr\/index.php?rest_route=\/wp\/v2\/media\/6022"}],"wp:attachment":[{"href":"https:\/\/haberbesiktas.tr\/index.php?rest_route=%2Fwp%2Fv2%2Fmedia&parent=6021"}],"wp:term":[{"taxonomy":"category","embeddable":true,"href":"https:\/\/haberbesiktas.tr\/index.php?rest_route=%2Fwp%2Fv2%2Fcategories&post=6021"},{"taxonomy":"post_tag","embeddable":true,"href":"https:\/\/haberbesiktas.tr\/index.php?rest_route=%2Fwp%2Fv2%2Ftags&post=6021"}],"curies":[{"name":"wp","href":"https:\/\/api.w.org\/{rel}","templated":true}]}}