{"id":6027,"date":"2025-01-24T19:11:53","date_gmt":"2025-01-24T19:11:53","guid":{"rendered":"https:\/\/haberbesiktas.tr\/?p=6027"},"modified":"2025-01-24T19:11:53","modified_gmt":"2025-01-24T19:11:53","slug":"chamberlain-ve-onanaya-talip-var","status":"publish","type":"post","link":"https:\/\/haberbesiktas.tr\/?p=6027","title":{"rendered":"Chamberlain ve Onana&#8217;ya talip var"},"content":{"rendered":"<div>Be\u015fikta\u015f&#8217;ta transfer ve teknik y\u00f6netici \u00e7al\u0131\u015fmalar\u0131 s\u00fcrerken gruptan ayr\u0131lacak isimler de belirlendi.<\/p>\n<p> Siyah-beyazl\u0131lar\u0131n devre ortas\u0131nda gruptan ayr\u0131lmas\u0131n\u0131 bekledi\u011fi isimlerin ba\u015f\u0131nda Jean Onana ve Alexander-Oxlade Chamberlain geliyor. Bu iki oyuncuya da talipler \u00e7\u0131kmaya ba\u015flad\u0131.<\/p>\n<p><strong>\u0130K\u0130 FARKLI TAL\u0130P VAR<\/strong><\/p>\n<p> Onana&#8217;ya Fransa Ligue 1&#8217;de yer alan Nantes talip oldu.<\/p>\n<p> Chamberlain&#8217;i ise yaz devrinde oldu\u011fu \u00fczere Sheffield United istiyor.<\/p>\n<p> \u0130ki futbolcunun menajerleri de ilgili kul\u00fcplerle g\u00f6r\u00fc\u015fmelerini devam ettiriyor.<\/p>\n<p><strong>SANTRAFOR VE KANAT TAKV\u0130YES\u0130<\/strong><\/p>\n<p> Be\u015fikta\u015f idaresi, iki yabanc\u0131 ile yollar\u0131n\u0131 ay\u0131rarak santrfor ve kanat deste\u011fi yapmak istiyor.<\/p>\n<\/div>\n","protected":false},"excerpt":{"rendered":"<p>Be\u015fikta\u015f&#8217;ta ayr\u0131lmas\u0131na kesin g\u00f6z\u00fcyle bak\u0131lan Alex Oxlade-Chamberlain ve Jean Onana i\u00e7in Fransa ve \u0130ngiltere&#8217;den talipler var.<\/p>\n","protected":false},"author":1,"featured_media":6028,"comment_status":"open","ping_status":"open","sticky":false,"template":"","format":"standard","meta":{"footnotes":""},"categories":[25],"tags":[],"class_list":["post-6027","post","type-post","status-publish","format-standard","has-post-thumbnail","hentry","category-futbol"],"_links":{"self":[{"href":"https:\/\/haberbesiktas.tr\/index.php?rest_route=\/wp\/v2\/posts\/6027","targetHints":{"allow":["GET"]}}],"collection":[{"href":"https:\/\/haberbesiktas.tr\/index.php?rest_route=\/wp\/v2\/posts"}],"about":[{"href":"https:\/\/haberbesiktas.tr\/index.php?rest_route=\/wp\/v2\/types\/post"}],"author":[{"embeddable":true,"href":"https:\/\/haberbesiktas.tr\/index.php?rest_route=\/wp\/v2\/users\/1"}],"replies":[{"embeddable":true,"href":"https:\/\/haberbesiktas.tr\/index.php?rest_route=%2Fwp%2Fv2%2Fcomments&post=6027"}],"version-history":[{"count":1,"href":"https:\/\/haberbesiktas.tr\/index.php?rest_route=\/wp\/v2\/posts\/6027\/revisions"}],"predecessor-version":[{"id":6029,"href":"https:\/\/haberbesiktas.tr\/index.php?rest_route=\/wp\/v2\/posts\/6027\/revisions\/6029"}],"wp:featuredmedia":[{"embeddable":true,"href":"https:\/\/haberbesiktas.tr\/index.php?rest_route=\/wp\/v2\/media\/6028"}],"wp:attachment":[{"href":"https:\/\/haberbesiktas.tr\/index.php?rest_route=%2Fwp%2Fv2%2Fmedia&parent=6027"}],"wp:term":[{"taxonomy":"category","embeddable":true,"href":"https:\/\/haberbesiktas.tr\/index.php?rest_route=%2Fwp%2Fv2%2Fcategories&post=6027"},{"taxonomy":"post_tag","embeddable":true,"href":"https:\/\/haberbesiktas.tr\/index.php?rest_route=%2Fwp%2Fv2%2Ftags&post=6027"}],"curies":[{"name":"wp","href":"https:\/\/api.w.org\/{rel}","templated":true}]}}