{"id":6042,"date":"2025-01-24T21:35:53","date_gmt":"2025-01-24T21:35:53","guid":{"rendered":"https:\/\/haberbesiktas.tr\/?p=6042"},"modified":"2025-01-24T21:35:53","modified_gmt":"2025-01-24T21:35:53","slug":"adalinin-%100-gedson-plani","status":"publish","type":"post","link":"https:\/\/haberbesiktas.tr\/?p=6042","title":{"rendered":"Adal\u0131&#8217;n\u0131n %100 Gedson plan\u0131!"},"content":{"rendered":"<div>Be\u015fikta\u015f, Serdal Adal\u0131 ba\u015fkanl\u0131\u011f\u0131nda bir \u00f6teki sorunu \u00e7\u00f6zmek i\u00e7in harekete ge\u00e7iyor.<\/p>\n<p> \u0130darenin, masas\u0131ndaki \u00e7\u00f6z\u00fclmesi gereken belgelerin ba\u015f\u0131nda Gedson Fernandes geliyor.<\/p>\n<p> <strong>%50&#8217;L\u0130K KISMI BENFICA&#8217;DA<\/strong><\/p>\n<p> Siyah-beyazl\u0131lar\u0131n bu sezonki parlayan y\u0131ld\u0131z\u0131 Gedson&#8217;un bonservisinin y\u00fczde 50&#8217;lik k\u0131sm\u0131 Benfica&#8217;ya ili\u015fkin.<\/p>\n<p> Kartal, 2022&#8217;de y\u0131ld\u0131z futbolcuyu kiralay\u0131p \u00c7aykur Rize&#8217;ye g\u00f6ndermi\u015f ve 6 milyon Euro&#8217;ya oyuncunun bonservisinin y\u00fczde 50&#8217;sini alm\u0131\u015ft\u0131.<\/p>\n<p> Piyasa k\u0131ymeti 17 milyon Euro&#8217;ya dayanan 26 ya\u015f\u0131ndaki Gedson&#8217;a birka\u00e7 teklifin olmas\u0131 Be\u015fikta\u015f&#8217;\u0131 harekete ge\u00e7irdi.<\/p>\n<p> <strong>GEL\u0130R ELDE EDEMEYECEK<\/strong><\/p>\n<p> Portekizli futbolcunun sat\u0131lmas\u0131 halinde ise Be\u015fikta\u015f, gelir elde edemeyecek. Sat\u0131\u015ftan gelecek paran\u0131n y\u00fczde 50&#8217;si Benfica&#8217;ya ba\u015fka y\u00fczde 50&#8217;si bor\u00e7lar nedeniyle Bankalar Birli\u011fi&#8217;ne gidecek.<\/p>\n<p> \u0130dare, kap\u0131daki bu krizi \u00f6nlemek maksad\u0131yla Portekiz kul\u00fcb\u00fcn\u00fcn idarecileriyle masaya oturacak.<\/p>\n<\/div>\n","protected":false},"excerpt":{"rendered":"<p>Be\u015fikta\u015f, Gedson&#8217;un sat\u0131lmas\u0131 halinde gelecek paran\u0131n Bankalar Birli\u011fi&#8217;ne ve Benfica&#8217;ya gitmesini engellemek i\u00e7in  Gedson&#8217;un kalan yar\u0131s\u0131n\u0131 da almak istiyor.<\/p>\n","protected":false},"author":1,"featured_media":6043,"comment_status":"open","ping_status":"open","sticky":false,"template":"","format":"standard","meta":{"footnotes":""},"categories":[25],"tags":[],"class_list":["post-6042","post","type-post","status-publish","format-standard","has-post-thumbnail","hentry","category-futbol"],"_links":{"self":[{"href":"https:\/\/haberbesiktas.tr\/index.php?rest_route=\/wp\/v2\/posts\/6042","targetHints":{"allow":["GET"]}}],"collection":[{"href":"https:\/\/haberbesiktas.tr\/index.php?rest_route=\/wp\/v2\/posts"}],"about":[{"href":"https:\/\/haberbesiktas.tr\/index.php?rest_route=\/wp\/v2\/types\/post"}],"author":[{"embeddable":true,"href":"https:\/\/haberbesiktas.tr\/index.php?rest_route=\/wp\/v2\/users\/1"}],"replies":[{"embeddable":true,"href":"https:\/\/haberbesiktas.tr\/index.php?rest_route=%2Fwp%2Fv2%2Fcomments&post=6042"}],"version-history":[{"count":1,"href":"https:\/\/haberbesiktas.tr\/index.php?rest_route=\/wp\/v2\/posts\/6042\/revisions"}],"predecessor-version":[{"id":6044,"href":"https:\/\/haberbesiktas.tr\/index.php?rest_route=\/wp\/v2\/posts\/6042\/revisions\/6044"}],"wp:featuredmedia":[{"embeddable":true,"href":"https:\/\/haberbesiktas.tr\/index.php?rest_route=\/wp\/v2\/media\/6043"}],"wp:attachment":[{"href":"https:\/\/haberbesiktas.tr\/index.php?rest_route=%2Fwp%2Fv2%2Fmedia&parent=6042"}],"wp:term":[{"taxonomy":"category","embeddable":true,"href":"https:\/\/haberbesiktas.tr\/index.php?rest_route=%2Fwp%2Fv2%2Fcategories&post=6042"},{"taxonomy":"post_tag","embeddable":true,"href":"https:\/\/haberbesiktas.tr\/index.php?rest_route=%2Fwp%2Fv2%2Ftags&post=6042"}],"curies":[{"name":"wp","href":"https:\/\/api.w.org\/{rel}","templated":true}]}}