{"id":6045,"date":"2025-01-24T21:47:54","date_gmt":"2025-01-24T21:47:54","guid":{"rendered":"https:\/\/haberbesiktas.tr\/?p=6045"},"modified":"2025-01-24T21:47:54","modified_gmt":"2025-01-24T21:47:54","slug":"tff-baskan-vekili-otyakmaz-yilin-karelerine-katildi","status":"publish","type":"post","link":"https:\/\/haberbesiktas.tr\/?p=6045","title":{"rendered":"TFF Ba\u015fkan Vekili Otyakmaz, &#8220;Y\u0131l\u0131n Kareleri&#8221;ne kat\u0131ld\u0131"},"content":{"rendered":"<div>T\u00fcrkiye Futbol Federasyonu (TFF) Lider Vekili Mecnun Otyakmaz, Anadolu Ajans\u0131n\u0131n (AA) g\u00f6z\u00fcnden 2024&#8217;e damga vuran olaylara ili\u015fkin ve ya\u015fama dair foto\u011fraflar\u0131n yer ald\u0131\u011f\u0131 &#8220;Y\u0131l\u0131n Kareleri&#8221; oylamas\u0131na kat\u0131larak oyunu kulland\u0131.<\/p>\n<p> Otyakmaz, AA muhabirleri ile foto muhabirlerinin yurt i\u00e7inde ve d\u0131\u015f\u0131nda 2024 y\u0131l\u0131 boyunca \u00e7ekti\u011fi, &#8220;Roketsan, Turkcell Lifebox ve Sony&#8221; katk\u0131lar\u0131yla haz\u0131rlanan &#8220;Haber&#8221;, &#8220;Do\u011fal Hayat ve \u00c7evre&#8221;, &#8220;Spor&#8221;, &#8220;G\u00fcnl\u00fck Hayat&#8221; ile bu y\u0131la \u00f6zel eklenen &#8220;\u00d6zg\u00fcr Suriye&#8221; kategorilerindeki foto\u011fraflar\u0131 inceledi.<\/p>\n<p> TFF Lider Vekili Otyakmaz, &#8220;Spor&#8221; kategorisinde O\u011fuz Yeter&#8217;in &#8220;Gol sevinci&#8221; foto\u011fraf\u0131n\u0131 oylad\u0131.<\/p>\n<p> Otyakmaz, &#8220;Spor&#8221; kategorisinde 2024 Avrupa Futbol \u015eampiyonas\u0131&#8217;nda T\u00fcrkiye ile Avusturya kar\u015f\u0131la\u015f\u0131rken ulusal futbolcu Merih Demiral&#8217;\u0131n att\u0131\u011f\u0131 gol sonras\u0131 bozkurt i\u015fareti yapt\u0131\u011f\u0131 an\u0131 i\u00e7eren &#8220;Gol sevinci&#8221; foto\u011fraf\u0131n\u0131 se\u00e7ti.<\/p>\n<p> &#8220;\u00d6zg\u00fcr Suriye&#8221; kategorisinde Emin Sansar&#8217;\u0131n &#8220;Kutlamalar&#8221; foto\u011fraf\u0131na oy veren Otyakmaz, &#8220;Haber&#8221; kategorisinde de oyunu Celal G\u00fcne\u015f&#8217;in &#8220;Protesto&#8221; foto\u011fraf\u0131ndan yana kulland\u0131.<\/p>\n<p> &#8220;Do\u011fal \u00d6m\u00fcr ve \u00c7evre&#8221; kategorisinde Samir Jordamovic&#8217;in &#8220;A\u011fa tak\u0131lanlar&#8221; foto\u011fraf\u0131n\u0131 oylayan Otyakmaz, &#8220;G\u00fcnl\u00fck Hayat&#8221; kategorisinde de Osmancan G\u00fcrdo\u011fan&#8217;\u0131n &#8220;Madenciler&#8221; foto\u011fraf\u0131n\u0131 oylad\u0131.<\/p>\n<p> <strong>Otyakmaz: &#8220;Bozkurt i\u015fareti, T\u00fcrk milletinin sembollerinden biridir&#8221;<\/strong><\/p>\n<p> Otyakmaz, Anadolu Ajans\u0131n\u0131n \u00fclkeyi temsil eden k\u0131ymetli bir kurulu\u015f oldu\u011funu belirterek, &#8220;Suriye g\u00fcndemli foto\u011fraflar vard\u0131. O foto\u011fraflarda \u00e7ok dramatik sahneler vard\u0131. Bunlar\u0131n hepsinin geride kald\u0131\u011f\u0131n\u0131 d\u00fc\u015f\u00fcnerek \u00f6zg\u00fcrl\u00fck kutlamalar\u0131n\u0131n oldu\u011fu foto\u011fraf\u0131 tercih ettim. Bu pet \u015fi\u015felere de kafay\u0131 \u00e7ok tak\u0131yorum. Pet \u015fi\u015felerin, tabiatta eritilmesi m\u00fcmk\u00fcn de\u011fil. Bu y\u00fczden &#8216;Do\u011fal \u00d6m\u00fcr ve \u00c7evre&#8217; kategorisinde bunun g\u00f6stergesi olan foto\u011fraf\u0131 se\u00e7tim. \u0130srail&#8217;de 1 y\u0131ldan fazla m\u00fcddettir ya\u015fanan olaylar\u0131 ve gerisindeki g\u00fc\u00e7leri de vurgulamak a\u00e7\u0131s\u0131ndan &#8216;Protesto&#8217; foto\u011fraf\u0131na oy verdim. Eme\u011fe olan h\u00fcrmetimden \u00f6t\u00fcr\u00fc da her vakit madencilerden etkilenirim. &#8216;Madenciler&#8217; foto\u011fraf\u0131 da i\u00e7imi s\u0131zlatt\u0131.&#8221; s\u00f6zlerini kulland\u0131.<\/p>\n<p> Spor kolunda bir\u00e7ok ho\u015f foto\u011fraf\u0131n oldu\u011funu lisana getiren Otyakmaz, &#8220;Yusuf Dike\u00e7&#8217;in hareketinin spor kamuoyu taraf\u0131ndan dayanak g\u00f6rmesi ve sempati toplamas\u0131 ho\u015f lakin Merih Demiral&#8217;\u0131n bozkurt i\u015faretinden \u00f6t\u00fcr\u00fc T\u00fcrk milleti bir ma\u011fduriyete u\u011frad\u0131. Bozkurt i\u015faretinin siyasi bir i\u015flevi yok. Bozkurt i\u015fareti, T\u00fcrk milletinin sembollerinden biridir. Bu y\u00fczden en \u00e7ok Merih Demiral&#8217;\u0131n bozkurt i\u015fareti yapt\u0131\u011f\u0131 foto\u011fraf\u0131 be\u011fendim.&#8221; diye konu\u015ftu.<\/p>\n<p> \u00a0<\/p>\n<\/div>\n","protected":false},"excerpt":{"rendered":"<p>T\u00fcrkiye Futbol Federasyonu (TFF) Lider Vekili Mecnun Otyakmaz, Anadolu Ajans\u0131n\u0131n &#8220;Y\u0131l\u0131n Kareleri&#8221; oylamas\u0131na kat\u0131larak oyunu kulland\u0131.<\/p>\n","protected":false},"author":1,"featured_media":6046,"comment_status":"open","ping_status":"open","sticky":false,"template":"","format":"standard","meta":{"footnotes":""},"categories":[25],"tags":[819,206,207,818,89],"class_list":["post-6045","post","type-post","status-publish","format-standard","has-post-thumbnail","hentry","category-futbol","tag-bozkurt-isareti","tag-foto","tag-kategorisinde","tag-otyakmaz","tag-turk"],"_links":{"self":[{"href":"https:\/\/haberbesiktas.tr\/index.php?rest_route=\/wp\/v2\/posts\/6045","targetHints":{"allow":["GET"]}}],"collection":[{"href":"https:\/\/haberbesiktas.tr\/index.php?rest_route=\/wp\/v2\/posts"}],"about":[{"href":"https:\/\/haberbesiktas.tr\/index.php?rest_route=\/wp\/v2\/types\/post"}],"author":[{"embeddable":true,"href":"https:\/\/haberbesiktas.tr\/index.php?rest_route=\/wp\/v2\/users\/1"}],"replies":[{"embeddable":true,"href":"https:\/\/haberbesiktas.tr\/index.php?rest_route=%2Fwp%2Fv2%2Fcomments&post=6045"}],"version-history":[{"count":1,"href":"https:\/\/haberbesiktas.tr\/index.php?rest_route=\/wp\/v2\/posts\/6045\/revisions"}],"predecessor-version":[{"id":6047,"href":"https:\/\/haberbesiktas.tr\/index.php?rest_route=\/wp\/v2\/posts\/6045\/revisions\/6047"}],"wp:featuredmedia":[{"embeddable":true,"href":"https:\/\/haberbesiktas.tr\/index.php?rest_route=\/wp\/v2\/media\/6046"}],"wp:attachment":[{"href":"https:\/\/haberbesiktas.tr\/index.php?rest_route=%2Fwp%2Fv2%2Fmedia&parent=6045"}],"wp:term":[{"taxonomy":"category","embeddable":true,"href":"https:\/\/haberbesiktas.tr\/index.php?rest_route=%2Fwp%2Fv2%2Fcategories&post=6045"},{"taxonomy":"post_tag","embeddable":true,"href":"https:\/\/haberbesiktas.tr\/index.php?rest_route=%2Fwp%2Fv2%2Ftags&post=6045"}],"curies":[{"name":"wp","href":"https:\/\/api.w.org\/{rel}","templated":true}]}}