{"id":6048,"date":"2025-01-24T22:23:54","date_gmt":"2025-01-24T22:23:54","guid":{"rendered":"https:\/\/haberbesiktas.tr\/?p=6048"},"modified":"2025-01-24T22:23:54","modified_gmt":"2025-01-24T22:23:54","slug":"fenerbahceye-yeni-kanat-nathan-ngoumou","status":"publish","type":"post","link":"https:\/\/haberbesiktas.tr\/?p=6048","title":{"rendered":"Fenerbah\u00e7e&#8217;ye yeni kanat: Nathan Ngoumou"},"content":{"rendered":"<div>Transfer \u00e7al\u0131\u015fmalar\u0131n\u0131 s\u00fcrd\u00fcren Fenerbah\u00e7e i\u00e7in s\u00fcrpriz bir tez g\u00fcndeme geldi.<\/p>\n<p> Fransa bas\u0131n\u0131nda yer alan haberlerde; Almanya&#8217;n\u0131n Borussia Monchengladbach kadrosunda oynayan 24 ya\u015f\u0131ndaki kanat oyuncusu Nathan Ngoumou i\u00e7in Fenerbah\u00e7e&#8217;nin devrede oldu\u011fu \u00f6ne s\u00fcr\u00fcld\u00fc.<\/p>\n<p><strong>PERFORMANSI, S\u00d6ZLE\u015eMES\u0130<\/strong><\/p>\n<p> Sa\u011f ve sol kanat olarak oynayabilen Frans\u0131z y\u0131ld\u0131z, bu d\u00f6nem Monchengladbach ile 11 resmi ma\u00e7a \u00e7\u0131kt\u0131.<\/p>\n<p> N&#8217;Goumou&#8217;nun Alman kul\u00fcb\u00fcyle 2027&#8217;ye kadar kontrat\u0131 var.\u00a0<\/p>\n<\/div>\n","protected":false},"excerpt":{"rendered":"<p>Borussia M\u00f6nchengladbach ekibinde oynayan 24 ya\u015f\u0131ndaki kanat oyuncusu Nathan Ngoumou i\u00e7in Fenerbah\u00e7e&#8217;nin devrede oldu\u011fu \u00f6ne s\u00fcr\u00fcld\u00fc.<\/p>\n","protected":false},"author":1,"featured_media":6049,"comment_status":"open","ping_status":"open","sticky":false,"template":"","format":"standard","meta":{"footnotes":""},"categories":[25],"tags":[],"class_list":["post-6048","post","type-post","status-publish","format-standard","has-post-thumbnail","hentry","category-futbol"],"_links":{"self":[{"href":"https:\/\/haberbesiktas.tr\/index.php?rest_route=\/wp\/v2\/posts\/6048","targetHints":{"allow":["GET"]}}],"collection":[{"href":"https:\/\/haberbesiktas.tr\/index.php?rest_route=\/wp\/v2\/posts"}],"about":[{"href":"https:\/\/haberbesiktas.tr\/index.php?rest_route=\/wp\/v2\/types\/post"}],"author":[{"embeddable":true,"href":"https:\/\/haberbesiktas.tr\/index.php?rest_route=\/wp\/v2\/users\/1"}],"replies":[{"embeddable":true,"href":"https:\/\/haberbesiktas.tr\/index.php?rest_route=%2Fwp%2Fv2%2Fcomments&post=6048"}],"version-history":[{"count":1,"href":"https:\/\/haberbesiktas.tr\/index.php?rest_route=\/wp\/v2\/posts\/6048\/revisions"}],"predecessor-version":[{"id":6050,"href":"https:\/\/haberbesiktas.tr\/index.php?rest_route=\/wp\/v2\/posts\/6048\/revisions\/6050"}],"wp:featuredmedia":[{"embeddable":true,"href":"https:\/\/haberbesiktas.tr\/index.php?rest_route=\/wp\/v2\/media\/6049"}],"wp:attachment":[{"href":"https:\/\/haberbesiktas.tr\/index.php?rest_route=%2Fwp%2Fv2%2Fmedia&parent=6048"}],"wp:term":[{"taxonomy":"category","embeddable":true,"href":"https:\/\/haberbesiktas.tr\/index.php?rest_route=%2Fwp%2Fv2%2Fcategories&post=6048"},{"taxonomy":"post_tag","embeddable":true,"href":"https:\/\/haberbesiktas.tr\/index.php?rest_route=%2Fwp%2Fv2%2Ftags&post=6048"}],"curies":[{"name":"wp","href":"https:\/\/api.w.org\/{rel}","templated":true}]}}