{"id":6078,"date":"2025-01-24T21:59:42","date_gmt":"2025-01-24T21:59:42","guid":{"rendered":"https:\/\/haberbesiktas.tr\/?p=6078"},"modified":"2025-01-24T21:59:42","modified_gmt":"2025-01-24T21:59:42","slug":"fenerbahceye-taliscadan-mujdeli-haber","status":"publish","type":"post","link":"https:\/\/haberbesiktas.tr\/?p=6078","title":{"rendered":"Fenerbah\u00e7e&#8217;ye Talisca&#8217;dan m\u00fcjdeli haber"},"content":{"rendered":"<div>Ara transfer devrinde Fenerbah\u00e7e&#8217;nin bir numaral\u0131 amac\u0131 olan Anderson Talisca&#8217;da d\u00fc\u011f\u00fcm \u00e7\u00f6z\u00fcl\u00fcyor.<\/p>\n<p> Fenerbah\u00e7e, Talisca transferi i\u00e7in hem oyuncu hem de Al-Nassr ile bir m\u00fchlet evvel el s\u0131k\u0131\u015fm\u0131\u015ft\u0131.<\/p>\n<p> \u00d6te yandan Talisca&#8217;n\u0131n Al-Nassr&#8217;dan olan alacaklar\u0131n\u0131 istemesiyle transfer \u00e7\u0131kmaza girmi\u015fti.<\/p>\n<p> <strong>PROBLEM B\u00dcY\u00dcK \u00d6L\u00c7\u00dcDE \u00c7\u00d6Z\u00dcLD\u00dc<\/strong><\/p>\n<p> Brezilyal\u0131 y\u0131ld\u0131z, Al-Nassr&#8217;la olan sorununu b\u00fcy\u00fck \u00f6l\u00e7\u00fcde \u00e7\u00f6zd\u00fc.<\/p>\n<p> Talisca&#8217;n\u0131n gelecek hafta son ayr\u0131nt\u0131lar i\u00e7in Fenerbah\u00e7e idaresiyle masaya oturaca\u011f\u0131 ve akabinde kendisini sar\u0131-lacivertlilere ba\u011flayan mukaveleyi imzalayaca\u011f\u0131 belirtildi.\u00a0<\/p>\n<div>\u00a0<\/div>\n<\/div>\n","protected":false},"excerpt":{"rendered":"<p>Uzun m\u00fcddettir Anderson Talisca i\u00e7in mesai harcayan Fenerbah\u00e7e, transferi tamamlamak \u00fczere. Brezilyal\u0131 futbolcu, Al-Nassr&#8217;la olan s\u0131k\u0131nt\u0131s\u0131n\u0131 b\u00fcy\u00fck \u00f6l\u00e7\u00fcde \u00e7\u00f6zd\u00fc.<\/p>\n","protected":false},"author":1,"featured_media":6079,"comment_status":"open","ping_status":"open","sticky":false,"template":"","format":"standard","meta":{"footnotes":""},"categories":[25],"tags":[],"class_list":["post-6078","post","type-post","status-publish","format-standard","has-post-thumbnail","hentry","category-futbol"],"_links":{"self":[{"href":"https:\/\/haberbesiktas.tr\/index.php?rest_route=\/wp\/v2\/posts\/6078","targetHints":{"allow":["GET"]}}],"collection":[{"href":"https:\/\/haberbesiktas.tr\/index.php?rest_route=\/wp\/v2\/posts"}],"about":[{"href":"https:\/\/haberbesiktas.tr\/index.php?rest_route=\/wp\/v2\/types\/post"}],"author":[{"embeddable":true,"href":"https:\/\/haberbesiktas.tr\/index.php?rest_route=\/wp\/v2\/users\/1"}],"replies":[{"embeddable":true,"href":"https:\/\/haberbesiktas.tr\/index.php?rest_route=%2Fwp%2Fv2%2Fcomments&post=6078"}],"version-history":[{"count":1,"href":"https:\/\/haberbesiktas.tr\/index.php?rest_route=\/wp\/v2\/posts\/6078\/revisions"}],"predecessor-version":[{"id":6080,"href":"https:\/\/haberbesiktas.tr\/index.php?rest_route=\/wp\/v2\/posts\/6078\/revisions\/6080"}],"wp:featuredmedia":[{"embeddable":true,"href":"https:\/\/haberbesiktas.tr\/index.php?rest_route=\/wp\/v2\/media\/6079"}],"wp:attachment":[{"href":"https:\/\/haberbesiktas.tr\/index.php?rest_route=%2Fwp%2Fv2%2Fmedia&parent=6078"}],"wp:term":[{"taxonomy":"category","embeddable":true,"href":"https:\/\/haberbesiktas.tr\/index.php?rest_route=%2Fwp%2Fv2%2Fcategories&post=6078"},{"taxonomy":"post_tag","embeddable":true,"href":"https:\/\/haberbesiktas.tr\/index.php?rest_route=%2Fwp%2Fv2%2Ftags&post=6078"}],"curies":[{"name":"wp","href":"https:\/\/api.w.org\/{rel}","templated":true}]}}