{"id":6090,"date":"2025-01-24T22:59:42","date_gmt":"2025-01-24T22:59:42","guid":{"rendered":"https:\/\/haberbesiktas.tr\/?p=6090"},"modified":"2025-01-24T22:59:42","modified_gmt":"2025-01-24T22:59:42","slug":"serginhonun-kulubunden-transfer-ile-ilgili-flas-aciklama","status":"publish","type":"post","link":"https:\/\/haberbesiktas.tr\/?p=6090","title":{"rendered":"Serginho&#8217;nun kul\u00fcb\u00fcnden transfer ile ilgili fla\u015f a\u00e7\u0131klama!"},"content":{"rendered":"<div>Teknik y\u00f6netici aray\u0131\u015f\u0131n\u0131 s\u00fcrd\u00fcren Be\u015fikta\u015f, bir yandan da gruba yap\u0131lacak transferler i\u00e7in \u00e7al\u0131\u015fmalar\u0131n\u0131 s\u00fcrd\u00fcr\u00fcyor. <\/p>\n<p>Milot Rashica ve Can Kele\u015f d\u0131\u015f\u0131nda tak\u0131m\u0131nda orjinal kanat atak\u00e7\u0131s\u0131 bulundurmayan siyah beyazl\u0131lar, \u00f6nceli\u011fini bu duruma vermi\u015f durumda.<\/p>\n<p> <strong>BE\u015e\u0130KTA\u015e&#8217;IN G\u00dcNDEM\u0130NDEK\u0130 \u0130S\u0130M SERGINHO<\/strong><\/p>\n<p> Kanat transferi i\u00e7in Be\u015fikta\u015f&#8217;\u0131n g\u00fcndemine gelen son isim ise Danimarka&#8217;n\u0131n Viborg grubunda forma giyen Sergio Pereira Andrade (Serginho) oldu. <\/p>\n<p>Siyah beyazl\u0131lar\u0131n yan\u0131 s\u0131ra LaLiga&#8217;dan Espanyol&#8217;un da ilgilendi\u011fi Ye\u015fil Burun Adal\u0131 futbolcunun gelece\u011fi hakk\u0131nda kul\u00fcb\u00fcnden de\u011ferli bir a\u00e7\u0131klama geldi.<\/p>\n<p> <strong>&#8220;SERGINGHO&#8217;NUN B\u00dcY\u00dcK KUL\u00dcPLER\u0130N L\u0130STES\u0130NDE YER ALMASI BEN\u0130 \u015eA\u015eIRTMAZ&#8221;<\/strong><\/p>\n<p> Viborg Sportif Y\u00f6neticisi Mads Agesen, Danimarka bas\u0131n\u0131ndan Bold&#8217;da yer alan a\u00e7\u0131klamas\u0131nda; &#8220;S\u00f6ylentiler \u00e7\u0131kt\u0131\u011f\u0131nda \u00e7ok fazla yorum yapmamay\u0131 tercih ederim, lakin Serginho&#8217;nun Viborg&#8217;dan daha b\u00fcy\u00fck kul\u00fcplerin listelerinde yer almas\u0131 beni \u015fa\u015f\u0131rtmaz.&#8221; diye konu\u015ftu.<\/p>\n<p> <strong>&#8220;DAN\u0130MARKA&#8217;NIN EN D\u00dcZG\u00dcN KANAT OYUNCULARINDAN&#8221;<\/strong><\/p>\n<p> Mads Agesen, 23 ya\u015f\u0131ndaki futbolcunun sonbahar\u0131n bir k\u0131sm\u0131nda sakat olmas\u0131na kar\u015f\u0131n, \u00fcst\u00fcne koydu\u011fu \u00fcretkenlikle Danimarka Muhte\u015fem Ligi&#8217;nin en uygun kanat oyuncular\u0131ndan biri oldu\u011funu kan\u0131tlad\u0131\u011f\u0131n\u0131 s\u00f6yledi.<\/p>\n<p> <strong>SATILACAK MI, MUKAVELES\u0130 M\u0130 UZATILACAK?<\/strong><\/p>\n<p> Agesen, Serginho&#8217;nun kontrat\u0131n\u0131n Haziran 2026&#8217;da sona erece\u011finin hat\u0131rlat\u0131larak &#8220;Onunla kontrat uzatmak istiyor musunuz? Yoksa bu periyotta mi, yaz transfer periyodunda mi sat\u0131lmal\u0131?&#8221; sorusunun sorulmas\u0131 \u00fczerine &#8220;Menajeri ile hem k\u0131sa hem de uzun vadeli planlar konusunda yeterli bir diyalo\u011fum var. Hi\u00e7 kimsenin \u00f6ng\u00f6rmedi\u011fi kimi olas\u0131l\u0131klar ortaya \u00e7\u0131kabilir. Transfer periyodu devam etti\u011fi s\u00fcrece ona odaklan\u0131yoruz. \u015eayet transfer periyodu bittikten sonra burada olursa mukavele uzatma konusunda diyalo\u011fumuz devam edecek.&#8221; kar\u015f\u0131l\u0131\u011f\u0131n\u0131 verdi.<\/p>\n<p> <strong>500 B\u0130N EURO&#8217;YA TRANSFER OLDU<\/strong><\/p>\n<p> Belenenses, Sacavenense ve Benfica altyap\u0131lar\u0131nda forma giyen Serginho, Estoril ve Oliveirense&#8217;de A grup d\u00fczeyinde \u00e7aba ettikten sonra Temmuz 2023&#8217;te 500 bin Euro bonservis bedeliyle Viborg&#8217;a transfer oldu.<\/p>\n<p> <strong>45 MA\u00c7TA 5 GOL, 19 AS\u0130ST<\/strong><\/p>\n<p> Danimarka grubunda toplam 45 ma\u00e7a \u00e7\u0131kan futbolcu, 5 sefer fileleri havaland\u0131r\u0131rken 19 kere da asist yapt\u0131. Serginho&#8217;nun bu d\u00f6nem 15 ma\u00e7ta 3 gol, 13 asisti bulunuyor.<\/p>\n<\/div>\n","protected":false},"excerpt":{"rendered":"<p>Danimarka kul\u00fcb\u00fcn\u00fcn sportif y\u00f6neticisi Mads Agesen, Serginho hakk\u0131nda \u00e7\u0131kan transfer arg\u00fcmanlar\u0131na yan\u0131tlad\u0131 ve oyuncunun Viborg&#8217;daki gelece\u011fi hakk\u0131nda konu\u015ftu.<\/p>\n","protected":false},"author":1,"featured_media":6091,"comment_status":"open","ping_status":"open","sticky":false,"template":"","format":"standard","meta":{"footnotes":""},"categories":[25],"tags":[644,48],"class_list":["post-6090","post","type-post","status-publish","format-standard","has-post-thumbnail","hentry","category-futbol","tag-danimarka","tag-transfer"],"_links":{"self":[{"href":"https:\/\/haberbesiktas.tr\/index.php?rest_route=\/wp\/v2\/posts\/6090","targetHints":{"allow":["GET"]}}],"collection":[{"href":"https:\/\/haberbesiktas.tr\/index.php?rest_route=\/wp\/v2\/posts"}],"about":[{"href":"https:\/\/haberbesiktas.tr\/index.php?rest_route=\/wp\/v2\/types\/post"}],"author":[{"embeddable":true,"href":"https:\/\/haberbesiktas.tr\/index.php?rest_route=\/wp\/v2\/users\/1"}],"replies":[{"embeddable":true,"href":"https:\/\/haberbesiktas.tr\/index.php?rest_route=%2Fwp%2Fv2%2Fcomments&post=6090"}],"version-history":[{"count":1,"href":"https:\/\/haberbesiktas.tr\/index.php?rest_route=\/wp\/v2\/posts\/6090\/revisions"}],"predecessor-version":[{"id":6092,"href":"https:\/\/haberbesiktas.tr\/index.php?rest_route=\/wp\/v2\/posts\/6090\/revisions\/6092"}],"wp:featuredmedia":[{"embeddable":true,"href":"https:\/\/haberbesiktas.tr\/index.php?rest_route=\/wp\/v2\/media\/6091"}],"wp:attachment":[{"href":"https:\/\/haberbesiktas.tr\/index.php?rest_route=%2Fwp%2Fv2%2Fmedia&parent=6090"}],"wp:term":[{"taxonomy":"category","embeddable":true,"href":"https:\/\/haberbesiktas.tr\/index.php?rest_route=%2Fwp%2Fv2%2Fcategories&post=6090"},{"taxonomy":"post_tag","embeddable":true,"href":"https:\/\/haberbesiktas.tr\/index.php?rest_route=%2Fwp%2Fv2%2Ftags&post=6090"}],"curies":[{"name":"wp","href":"https:\/\/api.w.org\/{rel}","templated":true}]}}