{"id":6111,"date":"2025-01-25T01:11:42","date_gmt":"2025-01-25T01:11:42","guid":{"rendered":"https:\/\/haberbesiktas.tr\/?p=6111"},"modified":"2025-01-25T01:11:42","modified_gmt":"2025-01-25T01:11:42","slug":"trabzonspora-danimarkadan-yeni-stoper","status":"publish","type":"post","link":"https:\/\/haberbesiktas.tr\/?p=6111","title":{"rendered":"Trabzonspor&#8217;a Danimarka&#8217;dan yeni stoper"},"content":{"rendered":"<div>Stoper aray\u0131\u015flar\u0131n\u0131 s\u00fcrd\u00fcren Trabzonspor, transfer g\u00fcndemindeki Adryelson&#8217;un Lyon&#8217;dan Anderlecht&#8217;e kiralanmas\u0131n\u0131n akabinde rotas\u0131n\u0131 Kuzey Avrupa&#8217;ya \u00e7evirdi.<\/p>\n<p> Bordo mavililerin, Brondby&#8217;de forma giyen savunma oyuncusu Frederik Alves i\u00e7in teklif yapt\u0131\u011f\u0131 ileri s\u00fcr\u00fcld\u00fc.<\/p>\n<p> <strong>FREDERIK ALVES \u0130\u00c7\u0130N 2 M\u0130LYON EURO<\/strong><\/p>\n<p> Danimarka bas\u0131n\u0131ndan Bold&#8217;un haberine nazaran; Brondby&#8217;nin y\u0131lba\u015f\u0131nda misyona ba\u015flayan yeni Futbol y\u00f6neticisi Benjamin Schmedes&#8217;in masas\u0131na Trabzonspor&#8217;dan somut bir transfer teklifi geldi. Haber ayr\u0131nt\u0131s\u0131nda, Frederik Alves&#8217;i sat\u0131n almak isteyen Karadeniz kul\u00fcb\u00fcn\u00fcn, 25 ya\u015f\u0131ndaki stoper i\u00e7in 2 milyon Euro civar\u0131nda bir bonservis bedeli \u00f6nerdi\u011fi kaydedildi.<\/p>\n<p> <strong>2023&#8217;TE DE \u0130STEM\u0130\u015eLERD\u0130<\/strong><\/p>\n<p> Bordo mavili kul\u00fcb\u00fcn, Alves&#8217;i 2023 yaz\u0131nda da istedi\u011fi fakat futbolcunun o devir Brondby&#8217;ye yeni imza atmas\u0131 ve birinci 11&#8217;de forma giymesi nedeniyle bu teklifi kabul etmedi\u011fi ileri s\u00fcr\u00fcld\u00fc. Haberde Brezilya as\u0131ll\u0131 Danimarkal\u0131 futbolcunun Brondby ile kontrat\u0131n\u0131n Haziran 2026&#8217;da sona erece\u011fi hat\u0131rlat\u0131larak, kul\u00fcb\u00fcn\u00fcn kar elde etmek istiyorsa \u00f6n\u00fcm\u00fczdeki yaza kadar Alves&#8217;i satmas\u0131 gerekti\u011fi yorumu yap\u0131ld\u0131.<\/p>\n<p> <strong>16 MA\u00c7TA FORMA G\u0130YD\u0130<\/strong><\/p>\n<p> Ge\u00e7en y\u0131l a\u015fil tendonu sakatl\u0131\u011f\u0131 ya\u015fayan ve 7 ay alanlardan uzak kalan Alves, bu d\u00f6nem alanlara d\u00f6nd\u00fc\u011f\u00fc a\u011fustos ay\u0131ndan bu yana 16 ma\u00e7a \u00e7\u0131kt\u0131 ve 1252 dakika alanda kald\u0131.\u00a0<\/p>\n<p> \u00a0<\/p>\n<\/div>\n","protected":false},"excerpt":{"rendered":"<p>Savunmaya destek yapmak isteyen Trabzonspor&#8217;un, Brondby&#8217;nin Brezilya as\u0131ll\u0131 Danimarkal\u0131 stoperi Frederik Alves&#8217;i transfer etmek istedi\u011fi sav edildi.<\/p>\n","protected":false},"author":1,"featured_media":6112,"comment_status":"open","ping_status":"open","sticky":false,"template":"","format":"standard","meta":{"footnotes":""},"categories":[25],"tags":[829],"class_list":["post-6111","post","type-post","status-publish","format-standard","has-post-thumbnail","hentry","category-futbol","tag-alves"],"_links":{"self":[{"href":"https:\/\/haberbesiktas.tr\/index.php?rest_route=\/wp\/v2\/posts\/6111","targetHints":{"allow":["GET"]}}],"collection":[{"href":"https:\/\/haberbesiktas.tr\/index.php?rest_route=\/wp\/v2\/posts"}],"about":[{"href":"https:\/\/haberbesiktas.tr\/index.php?rest_route=\/wp\/v2\/types\/post"}],"author":[{"embeddable":true,"href":"https:\/\/haberbesiktas.tr\/index.php?rest_route=\/wp\/v2\/users\/1"}],"replies":[{"embeddable":true,"href":"https:\/\/haberbesiktas.tr\/index.php?rest_route=%2Fwp%2Fv2%2Fcomments&post=6111"}],"version-history":[{"count":1,"href":"https:\/\/haberbesiktas.tr\/index.php?rest_route=\/wp\/v2\/posts\/6111\/revisions"}],"predecessor-version":[{"id":6113,"href":"https:\/\/haberbesiktas.tr\/index.php?rest_route=\/wp\/v2\/posts\/6111\/revisions\/6113"}],"wp:featuredmedia":[{"embeddable":true,"href":"https:\/\/haberbesiktas.tr\/index.php?rest_route=\/wp\/v2\/media\/6112"}],"wp:attachment":[{"href":"https:\/\/haberbesiktas.tr\/index.php?rest_route=%2Fwp%2Fv2%2Fmedia&parent=6111"}],"wp:term":[{"taxonomy":"category","embeddable":true,"href":"https:\/\/haberbesiktas.tr\/index.php?rest_route=%2Fwp%2Fv2%2Fcategories&post=6111"},{"taxonomy":"post_tag","embeddable":true,"href":"https:\/\/haberbesiktas.tr\/index.php?rest_route=%2Fwp%2Fv2%2Ftags&post=6111"}],"curies":[{"name":"wp","href":"https:\/\/api.w.org\/{rel}","templated":true}]}}