{"id":6117,"date":"2025-01-25T01:59:42","date_gmt":"2025-01-25T01:59:42","guid":{"rendered":"https:\/\/haberbesiktas.tr\/?p=6117"},"modified":"2025-01-25T01:59:42","modified_gmt":"2025-01-25T01:59:42","slug":"turk-okculugunun-2025-hedefi-63-madalyayi-gecmek","status":"publish","type":"post","link":"https:\/\/haberbesiktas.tr\/?p=6117","title":{"rendered":"T\u00fcrk ok\u00e7ulu\u011funun 2025 hedefi &#8220;63 madalyay\u0131&#8221; ge\u00e7mek"},"content":{"rendered":"<p>Ok\u00e7uluk Ulusal Gruplar Teknik Y\u00f6neticisi Yusuf G\u00f6ktu\u011f Ergin, 2025 y\u0131l\u0131nda ge\u00e7en y\u0131l ald\u0131klar\u0131 63 madalya say\u0131s\u0131n\u0131n \u00fczerine \u00e7\u0131kacaklar\u0131na inand\u0131\u011f\u0131n\u0131 a\u00e7\u0131klad\u0131.\u00a0 Ergin, AA muhabirine, 2024 y\u0131l\u0131n\u0131n T\u00fcrk ok\u00e7ulu\u011fu a\u00e7\u0131s\u0131ndan epey ba\u015far\u0131l\u0131 ge\u00e7ti\u011fini s\u00f6yledi.<\/p>\n<p> Ge\u00e7en y\u0131l atletlerin kat\u0131ld\u0131\u011f\u0131 memleketler aras\u0131 \u015fampiyonalarda 63 madalyaya ula\u015ft\u0131\u011f\u0131 bilgisini veren Ergin, olimpiyat ve paralimpik oyunlar\u0131nda T\u00fcrk ok\u00e7ular\u0131n\u0131n madalya almas\u0131n\u0131n de\u011ferli oldu\u011funu vurgulad\u0131.<\/p>\n<p> Ergin, kat\u0131ld\u0131\u011f\u0131 t\u00fcm m\u00fcsabakalarda T\u00fcrk atletlerinin kesinlikle podyumda yer almay\u0131 ba\u015fard\u0131\u011f\u0131n\u0131, bu durumun kendilerini \u00e7ok keyifli etti\u011fini lisan getirdi.<\/p>\n<p> Yapt\u0131klar\u0131 toplant\u0131larla 2024 datalar\u0131n\u0131 ayr\u0131nt\u0131l\u0131 de\u011ferlendirdiklerini anlatan Ergin, &#8220;Bunu yaparken 2025 y\u0131l\u0131 haz\u0131rl\u0131klar\u0131m\u0131z\u0131 da s\u00fcrd\u00fcr\u00fcyoruz. 2025 bizim i\u00e7in s\u00fcratli ba\u015flayacak. Nisan ay\u0131nda D\u00fcnya Kupas\u0131&#8217;n\u0131n birinci aya\u011f\u0131 ABD&#8217;de ger\u00e7ekle\u015fecek. Bu sene D\u00fcnya Kupas\u0131&#8217;n\u0131n ayaklar\u0131 ABD&#8217;nin yan\u0131 s\u0131ra \u0130spanya, T\u00fcrkiye ve \u00c7in&#8217;de yap\u0131lacak. Hedefimiz bu 4 ayakta k\u00e2fi puanlar\u0131 toplay\u0131p finalde \u00fclkemizi en g\u00fczel bi\u00e7imde temsil etmek. Eyl\u00fcl ay\u0131nda Kore&#8217;de yap\u0131lacak D\u00fcnya \u015eampiyonas\u0131&#8217;nda da maksad\u0131m\u0131z hem olimpik hem de para ok\u00e7uluk alanlar\u0131nda muvaffakiyete ula\u015fmak.&#8221; dedi.<\/p>\n<p> <strong>&#8220;Sene sonunda 63 madalyan\u0131n \u00fczerine \u00e7\u0131km\u0131\u015f oluruz&#8221;<\/strong><\/p>\n<p> Samsun&#8217;da \u015eubat ay\u0131nda Salon Avrupa \u015eampiyonas\u0131 d\u00fczenlenece\u011fini an\u0131msatan Ergin, &#8220;Bu turnuvaya 36 ki\u015filik b\u00fcy\u00fck bir tak\u0131m ile kat\u0131laca\u011f\u0131z. Kanada&#8217;da da Gen\u00e7ler D\u00fcnya \u015eampiyonas\u0131 yap\u0131lacak. Orada da \u00e7ok \u00e2l\u00e2 bir grubumuz var. Bu y\u0131l madalya say\u0131s\u0131n\u0131 daha da \u00fcste \u00e7\u0131karaca\u011f\u0131m\u0131za inan\u0131yorum. Sene sonunda 63 madalyan\u0131n \u00fczerine \u00e7\u0131km\u0131\u015f oluruz.&#8221; diye konu\u015ftu.<\/p>\n<p> Ulusal ok\u00e7ular\u0131n son periyotta milletleraras\u0131 tertiplerde g\u00f6sterdi\u011fi performans\u0131n akabinde ok\u00e7ulu\u011fa ilginin artt\u0131\u011f\u0131na da de\u011finen Ergin, T\u00fcrkiye&#8217;nin muvaffakiyet ivmesinin her ge\u00e7en y\u0131l y\u00fckselece\u011fine inand\u0131\u011f\u0131n\u0131 kelamlar\u0131na ekledi.<\/p>\n","protected":false},"excerpt":{"rendered":"<p>Ok\u00e7uluk Ulusal Ekipler Teknik Y\u00f6neticisi Yusuf G\u00f6ktu\u011f Ergin, 2025 y\u0131l\u0131nda ge\u00e7en y\u0131l ald\u0131klar\u0131 63 madalya say\u0131s\u0131n\u0131n \u00fczerine \u00e7\u0131kacaklar\u0131na inand\u0131\u011f\u0131n\u0131 belirtti.<\/p>\n","protected":false},"author":1,"featured_media":6118,"comment_status":"open","ping_status":"open","sticky":false,"template":"","format":"standard","meta":{"footnotes":""},"categories":[27],"tags":[801,339,89],"class_list":["post-6117","post","type-post","status-publish","format-standard","has-post-thumbnail","hentry","category-guncel-haberler","tag-ergin","tag-madalya","tag-turk"],"_links":{"self":[{"href":"https:\/\/haberbesiktas.tr\/index.php?rest_route=\/wp\/v2\/posts\/6117","targetHints":{"allow":["GET"]}}],"collection":[{"href":"https:\/\/haberbesiktas.tr\/index.php?rest_route=\/wp\/v2\/posts"}],"about":[{"href":"https:\/\/haberbesiktas.tr\/index.php?rest_route=\/wp\/v2\/types\/post"}],"author":[{"embeddable":true,"href":"https:\/\/haberbesiktas.tr\/index.php?rest_route=\/wp\/v2\/users\/1"}],"replies":[{"embeddable":true,"href":"https:\/\/haberbesiktas.tr\/index.php?rest_route=%2Fwp%2Fv2%2Fcomments&post=6117"}],"version-history":[{"count":1,"href":"https:\/\/haberbesiktas.tr\/index.php?rest_route=\/wp\/v2\/posts\/6117\/revisions"}],"predecessor-version":[{"id":6119,"href":"https:\/\/haberbesiktas.tr\/index.php?rest_route=\/wp\/v2\/posts\/6117\/revisions\/6119"}],"wp:featuredmedia":[{"embeddable":true,"href":"https:\/\/haberbesiktas.tr\/index.php?rest_route=\/wp\/v2\/media\/6118"}],"wp:attachment":[{"href":"https:\/\/haberbesiktas.tr\/index.php?rest_route=%2Fwp%2Fv2%2Fmedia&parent=6117"}],"wp:term":[{"taxonomy":"category","embeddable":true,"href":"https:\/\/haberbesiktas.tr\/index.php?rest_route=%2Fwp%2Fv2%2Fcategories&post=6117"},{"taxonomy":"post_tag","embeddable":true,"href":"https:\/\/haberbesiktas.tr\/index.php?rest_route=%2Fwp%2Fv2%2Ftags&post=6117"}],"curies":[{"name":"wp","href":"https:\/\/api.w.org\/{rel}","templated":true}]}}