{"id":6139,"date":"2025-01-25T05:11:42","date_gmt":"2025-01-25T05:11:42","guid":{"rendered":"https:\/\/haberbesiktas.tr\/?p=6139"},"modified":"2025-01-25T05:11:42","modified_gmt":"2025-01-25T05:11:42","slug":"g-birligi-deniz-cukurcu-ile-profesyonel-sozlesme-imzaladi","status":"publish","type":"post","link":"https:\/\/haberbesiktas.tr\/?p=6139","title":{"rendered":"G.Birli\u011fi, Deniz \u00c7ukurcu ile profesyonel s\u00f6zle\u015fme imzalad\u0131"},"content":{"rendered":"<div>Trendyol 1. Lig gruplar\u0131ndan Gen\u00e7lerbirli\u011fi, akademi oyuncusu Berk Deniz \u00c7ukurcu ile profesyonel kontrat imzaland\u0131\u011f\u0131n\u0131 a\u00e7\u0131klad\u0131.<\/p>\n<p> Kul\u00fcpten yap\u0131lan a\u00e7\u0131klamada, <strong>&#8220;Gen\u00e7lerbirli\u011fi Futbol Akademimizde yeti\u015fen 2008 do\u011fumlu oyuncumuz Berk Deniz \u00c7ukurcu ile 2,5 y\u0131ll\u0131k profesyonel mukavele imzalad\u0131k. Profesyonel kontrata imza atan oyuncumuz Berk Deniz \u00c7ukurcu&#8217;ya iyi olsun diyor, k\u0131rm\u0131z\u0131-kara forma alt\u0131nda ka\u00e7 muvaffakiyetler elde etmesini temenni ediyoruz.&#8221;<\/strong> s\u00f6zleri kullan\u0131ld\u0131.<\/p>\n<\/div>\n","protected":false},"excerpt":{"rendered":"<p>Gen\u00e7lerbirli\u011fi, akademi oyuncusu Berk Deniz \u00c7ukurcu ile profesyonel mukavele imzaland\u0131\u011f\u0131n\u0131 duyurdu.<\/p>\n","protected":false},"author":1,"featured_media":6140,"comment_status":"open","ping_status":"open","sticky":false,"template":"","format":"standard","meta":{"footnotes":""},"categories":[25],"tags":[],"class_list":["post-6139","post","type-post","status-publish","format-standard","has-post-thumbnail","hentry","category-futbol"],"_links":{"self":[{"href":"https:\/\/haberbesiktas.tr\/index.php?rest_route=\/wp\/v2\/posts\/6139","targetHints":{"allow":["GET"]}}],"collection":[{"href":"https:\/\/haberbesiktas.tr\/index.php?rest_route=\/wp\/v2\/posts"}],"about":[{"href":"https:\/\/haberbesiktas.tr\/index.php?rest_route=\/wp\/v2\/types\/post"}],"author":[{"embeddable":true,"href":"https:\/\/haberbesiktas.tr\/index.php?rest_route=\/wp\/v2\/users\/1"}],"replies":[{"embeddable":true,"href":"https:\/\/haberbesiktas.tr\/index.php?rest_route=%2Fwp%2Fv2%2Fcomments&post=6139"}],"version-history":[{"count":1,"href":"https:\/\/haberbesiktas.tr\/index.php?rest_route=\/wp\/v2\/posts\/6139\/revisions"}],"predecessor-version":[{"id":6141,"href":"https:\/\/haberbesiktas.tr\/index.php?rest_route=\/wp\/v2\/posts\/6139\/revisions\/6141"}],"wp:featuredmedia":[{"embeddable":true,"href":"https:\/\/haberbesiktas.tr\/index.php?rest_route=\/wp\/v2\/media\/6140"}],"wp:attachment":[{"href":"https:\/\/haberbesiktas.tr\/index.php?rest_route=%2Fwp%2Fv2%2Fmedia&parent=6139"}],"wp:term":[{"taxonomy":"category","embeddable":true,"href":"https:\/\/haberbesiktas.tr\/index.php?rest_route=%2Fwp%2Fv2%2Fcategories&post=6139"},{"taxonomy":"post_tag","embeddable":true,"href":"https:\/\/haberbesiktas.tr\/index.php?rest_route=%2Fwp%2Fv2%2Ftags&post=6139"}],"curies":[{"name":"wp","href":"https:\/\/api.w.org\/{rel}","templated":true}]}}