{"id":6142,"date":"2025-01-25T05:23:42","date_gmt":"2025-01-25T05:23:42","guid":{"rendered":"https:\/\/haberbesiktas.tr\/?p=6142"},"modified":"2025-01-25T05:23:42","modified_gmt":"2025-01-25T05:23:42","slug":"umut-bozokun-yeni-adresi-belli-oldu","status":"publish","type":"post","link":"https:\/\/haberbesiktas.tr\/?p=6142","title":{"rendered":"Umut Bozok&#8217;un yeni adresi belli oldu"},"content":{"rendered":"<div>\u00c7aykur Rizespor&#8217;un orta transfer periyodu i\u00e7in g\u00f6z\u00fcne kestirdi\u011fi oyuncular konusunda s\u0131cak geli\u015fmeler ya\u015fan\u0131yor.<\/p>\n<p> Ye\u015fil- Mavililer, teknik y\u00f6netici \u0130lhan Palut&#8217;un tak\u0131m\u0131nda g\u00f6rmek istedi\u011fi Trabzonspor formas\u0131 giyen Umut Bozok konusunda i\u015fi son kademeye getirdi.<\/p>\n<p> Trabzonspor&#8217;un ayr\u0131ld\u0131\u011f\u0131nda zorluk \u00e7\u0131karmayaca\u011f\u0131 28 ya\u015f\u0131ndaki golc\u00fc oyuncu i\u00e7in bonservis bedeli \u00f6demek istemeyen idarenin oyuncunun menajeriyle yapt\u0131\u011f\u0131 g\u00f6r\u00fc\u015fmede mali ko\u015fullarda mutabakat sa\u011flad\u0131\u011f\u0131 \u00f6\u011frenildi. Umut Bozok&#8217;un Trabzonspor&#8217;dan bonservisini almas\u0131n\u0131 bekleyen idarenin ayr\u0131l\u0131\u011f\u0131n akabinde oyuncuyu resmi imza ve s\u0131hhat denetimi i\u00e7in Rize&#8217;ye davet edece\u011fi \u00f6\u011frenildi.<\/p>\n<p> <strong>SAR\u0130C DE L\u0130STEDE<\/strong><\/p>\n<p> Karadeniz tak\u0131m\u0131nda ayr\u0131yeten daha evvel Antalyaspor formas\u0131 giyen kanat oyuncusu Dario Saric&#8217;e de a\u011f\u0131r bir ilgi var. Tecr\u00fcbeli oyuncunun transferi i\u00e7in de uzakl\u0131k kat edildi\u011fi \u00f6\u011frenildi.\u00a0<\/p>\n<div>\u00a0<\/div>\n<\/div>\n","protected":false},"excerpt":{"rendered":"<p>\u00c7aykur Rizespor, Trabzonspor ile yol ayr\u0131m\u0131nda olan 28 ya\u015f\u0131ndaki golc\u00fc oyuncu Umut Bozok&#8217;un transferini bitirmek i\u00e7in g\u00fcn say\u0131yor.<\/p>\n","protected":false},"author":1,"featured_media":6143,"comment_status":"open","ping_status":"open","sticky":false,"template":"","format":"standard","meta":{"footnotes":""},"categories":[25],"tags":[49],"class_list":["post-6142","post","type-post","status-publish","format-standard","has-post-thumbnail","hentry","category-futbol","tag-oyuncu"],"_links":{"self":[{"href":"https:\/\/haberbesiktas.tr\/index.php?rest_route=\/wp\/v2\/posts\/6142","targetHints":{"allow":["GET"]}}],"collection":[{"href":"https:\/\/haberbesiktas.tr\/index.php?rest_route=\/wp\/v2\/posts"}],"about":[{"href":"https:\/\/haberbesiktas.tr\/index.php?rest_route=\/wp\/v2\/types\/post"}],"author":[{"embeddable":true,"href":"https:\/\/haberbesiktas.tr\/index.php?rest_route=\/wp\/v2\/users\/1"}],"replies":[{"embeddable":true,"href":"https:\/\/haberbesiktas.tr\/index.php?rest_route=%2Fwp%2Fv2%2Fcomments&post=6142"}],"version-history":[{"count":1,"href":"https:\/\/haberbesiktas.tr\/index.php?rest_route=\/wp\/v2\/posts\/6142\/revisions"}],"predecessor-version":[{"id":6144,"href":"https:\/\/haberbesiktas.tr\/index.php?rest_route=\/wp\/v2\/posts\/6142\/revisions\/6144"}],"wp:featuredmedia":[{"embeddable":true,"href":"https:\/\/haberbesiktas.tr\/index.php?rest_route=\/wp\/v2\/media\/6143"}],"wp:attachment":[{"href":"https:\/\/haberbesiktas.tr\/index.php?rest_route=%2Fwp%2Fv2%2Fmedia&parent=6142"}],"wp:term":[{"taxonomy":"category","embeddable":true,"href":"https:\/\/haberbesiktas.tr\/index.php?rest_route=%2Fwp%2Fv2%2Fcategories&post=6142"},{"taxonomy":"post_tag","embeddable":true,"href":"https:\/\/haberbesiktas.tr\/index.php?rest_route=%2Fwp%2Fv2%2Ftags&post=6142"}],"curies":[{"name":"wp","href":"https:\/\/api.w.org\/{rel}","templated":true}]}}