{"id":6157,"date":"2025-01-25T06:47:41","date_gmt":"2025-01-25T06:47:41","guid":{"rendered":"https:\/\/haberbesiktas.tr\/?p=6157"},"modified":"2025-01-25T06:47:41","modified_gmt":"2025-01-25T06:47:41","slug":"hartenstein-en-az-1-hafta-yok","status":"publish","type":"post","link":"https:\/\/haberbesiktas.tr\/?p=6157","title":{"rendered":"Hartenstein en az 1 hafta yok!"},"content":{"rendered":"<div>Oklahoma City Thunder pivotu Isaiah Hartenstein&#8217;\u0131n sol bald\u0131r\u0131ndaki zorlanma nedeniyle en az bir hafta parkelerden uzak kalaca\u011f\u0131 bildirildi.<\/p>\n<p> ESPN&#8217;den Tim MacMahon, Hartenstein&#8217;\u0131n ge\u00e7ti\u011fimiz Sal\u0131 g\u00fcn\u00fc Philadelphia 76ers&#8217;a kar\u015f\u0131 al\u0131nan galibiyette sakatland\u0131\u011f\u0131n\u0131 s\u00f6yledi.<\/p>\n<p> 26 ya\u015f\u0131ndaki oyuncu, yaz periyodunda imzalad\u0131\u011f\u0131 \u00fc\u00e7 y\u0131ll\u0131\u011f\u0131 87 milyon dolarl\u0131k kontrat\u0131n birinci d\u00f6neminde, OKC&#8217;nin uzun rotasyonuna 11,8 say\u0131, 12,2 ribaund ve 1,3 blok ortalamalar\u0131yla katk\u0131 sa\u011flayarak, bu alanlarda meslek rekorlar\u0131na ula\u015fm\u0131\u015f durumda.<\/p>\n<p> Hartenstein, d\u00f6nem \u00f6ncesi devirde sol elinin k\u0131r\u0131lmas\u0131 nedeniyle d\u00f6nemin birinci 15 ma\u00e7\u0131n\u0131 ka\u00e7\u0131rm\u0131\u015ft\u0131.<\/p>\n<\/div>\n","protected":false},"excerpt":{"rendered":"<p>Oklahoma City Thunder pivotu Isaiah Hartenstein&#8217;\u0131n sol bald\u0131r\u0131ndaki zorlanma nedeniyle en az bir hafta parkelerden uzak kalaca\u011f\u0131 bildirildi.<\/p>\n","protected":false},"author":1,"featured_media":6158,"comment_status":"open","ping_status":"open","sticky":false,"template":"","format":"standard","meta":{"footnotes":""},"categories":[10],"tags":[],"class_list":["post-6157","post","type-post","status-publish","format-standard","has-post-thumbnail","hentry","category-basketbol"],"_links":{"self":[{"href":"https:\/\/haberbesiktas.tr\/index.php?rest_route=\/wp\/v2\/posts\/6157","targetHints":{"allow":["GET"]}}],"collection":[{"href":"https:\/\/haberbesiktas.tr\/index.php?rest_route=\/wp\/v2\/posts"}],"about":[{"href":"https:\/\/haberbesiktas.tr\/index.php?rest_route=\/wp\/v2\/types\/post"}],"author":[{"embeddable":true,"href":"https:\/\/haberbesiktas.tr\/index.php?rest_route=\/wp\/v2\/users\/1"}],"replies":[{"embeddable":true,"href":"https:\/\/haberbesiktas.tr\/index.php?rest_route=%2Fwp%2Fv2%2Fcomments&post=6157"}],"version-history":[{"count":1,"href":"https:\/\/haberbesiktas.tr\/index.php?rest_route=\/wp\/v2\/posts\/6157\/revisions"}],"predecessor-version":[{"id":6159,"href":"https:\/\/haberbesiktas.tr\/index.php?rest_route=\/wp\/v2\/posts\/6157\/revisions\/6159"}],"wp:featuredmedia":[{"embeddable":true,"href":"https:\/\/haberbesiktas.tr\/index.php?rest_route=\/wp\/v2\/media\/6158"}],"wp:attachment":[{"href":"https:\/\/haberbesiktas.tr\/index.php?rest_route=%2Fwp%2Fv2%2Fmedia&parent=6157"}],"wp:term":[{"taxonomy":"category","embeddable":true,"href":"https:\/\/haberbesiktas.tr\/index.php?rest_route=%2Fwp%2Fv2%2Fcategories&post=6157"},{"taxonomy":"post_tag","embeddable":true,"href":"https:\/\/haberbesiktas.tr\/index.php?rest_route=%2Fwp%2Fv2%2Ftags&post=6157"}],"curies":[{"name":"wp","href":"https:\/\/api.w.org\/{rel}","templated":true}]}}