{"id":6201,"date":"2025-01-25T10:47:42","date_gmt":"2025-01-25T10:47:42","guid":{"rendered":"https:\/\/haberbesiktas.tr\/?p=6201"},"modified":"2025-01-25T10:47:42","modified_gmt":"2025-01-25T10:47:42","slug":"altayda-eldivenler-ulasta","status":"publish","type":"post","link":"https:\/\/haberbesiktas.tr\/?p=6201","title":{"rendered":"Altay&#8217;da eldivenler Ula\u015f&#8217;ta"},"content":{"rendered":"<div>TFF 2&#8217;nci Lig Beyaz K\u00fcme&#8217;de ikinci devrenin birinci haftas\u0131nda deplasmanda pazar g\u00fcn\u00fc Play-Off u\u011fra\u015f\u0131 veren 24 Erzincanspor&#8217;la kar\u015f\u0131la\u015facak d\u00fc\u015fme \u00e7izgisindeki Altay&#8217;da kalede yeniden altyap\u0131dan yeti\u015fen Ula\u015f Hasan&#8217;\u0131n misyon yapaca\u011f\u0131 \u00f6\u011frenildi.<\/p>\n<p> Siyah-beyazl\u0131larda kadroya yakla\u015f\u0131k 1 ay sonra d\u00f6nen deneyimli file bek\u00e7isi Ozan&#8217;\u0131n yedek soyunmas\u0131 bekleniyor. Ula\u015f, \u00fcst \u00fcste 3&#8217;\u00fcnc\u00fc defa birinci 11&#8217;de oynamaya haz\u0131rlan\u0131yor.<\/p>\n<p> Birinci yar\u0131da 8 Aral\u0131k&#8217;ta deplasmanda oynanan Kepezspor ma\u00e7\u0131n\u0131n akabinde alacaklar\u0131n\u0131n \u00f6denmemesi nedeniyle \u0130zmir&#8217;e d\u00f6nmeyen 32 ya\u015f\u0131ndaki kaleci Ozan, \u00f6deme kelam\u0131 verilmesinin akabinde hafta ba\u015f\u0131nda yuvaya d\u00f6nd\u00fc. \u0130zmir temsilcisinde son 2 m\u00fcsabakada altyap\u0131 patentli 19 ya\u015f\u0131ndaki kaleci Ula\u015f forma giydi. Teknik Y\u00f6netici G\u00f6khan Karaaslan&#8217;\u0131n kuvvetli Erzincan imtihan\u0131nda bir kere daha gen\u00e7 file bek\u00e7isine forma verece\u011fi belirtildi.<\/p>\n<\/div>\n","protected":false},"excerpt":{"rendered":"<p>24 Erzincanspor&#8217;la kar\u015f\u0131la\u015facak d\u00fc\u015fme s\u0131n\u0131r\u0131ndaki Altay&#8217;da kalede tekrar altyap\u0131dan yeti\u015fen Ula\u015f Hasan&#8217;\u0131n misyon yapaca\u011f\u0131 \u00f6\u011frenildi.<\/p>\n","protected":false},"author":1,"featured_media":6202,"comment_status":"open","ping_status":"open","sticky":false,"template":"","format":"standard","meta":{"footnotes":""},"categories":[25],"tags":[],"class_list":["post-6201","post","type-post","status-publish","format-standard","has-post-thumbnail","hentry","category-futbol"],"_links":{"self":[{"href":"https:\/\/haberbesiktas.tr\/index.php?rest_route=\/wp\/v2\/posts\/6201","targetHints":{"allow":["GET"]}}],"collection":[{"href":"https:\/\/haberbesiktas.tr\/index.php?rest_route=\/wp\/v2\/posts"}],"about":[{"href":"https:\/\/haberbesiktas.tr\/index.php?rest_route=\/wp\/v2\/types\/post"}],"author":[{"embeddable":true,"href":"https:\/\/haberbesiktas.tr\/index.php?rest_route=\/wp\/v2\/users\/1"}],"replies":[{"embeddable":true,"href":"https:\/\/haberbesiktas.tr\/index.php?rest_route=%2Fwp%2Fv2%2Fcomments&post=6201"}],"version-history":[{"count":1,"href":"https:\/\/haberbesiktas.tr\/index.php?rest_route=\/wp\/v2\/posts\/6201\/revisions"}],"predecessor-version":[{"id":6203,"href":"https:\/\/haberbesiktas.tr\/index.php?rest_route=\/wp\/v2\/posts\/6201\/revisions\/6203"}],"wp:featuredmedia":[{"embeddable":true,"href":"https:\/\/haberbesiktas.tr\/index.php?rest_route=\/wp\/v2\/media\/6202"}],"wp:attachment":[{"href":"https:\/\/haberbesiktas.tr\/index.php?rest_route=%2Fwp%2Fv2%2Fmedia&parent=6201"}],"wp:term":[{"taxonomy":"category","embeddable":true,"href":"https:\/\/haberbesiktas.tr\/index.php?rest_route=%2Fwp%2Fv2%2Fcategories&post=6201"},{"taxonomy":"post_tag","embeddable":true,"href":"https:\/\/haberbesiktas.tr\/index.php?rest_route=%2Fwp%2Fv2%2Ftags&post=6201"}],"curies":[{"name":"wp","href":"https:\/\/api.w.org\/{rel}","templated":true}]}}