{"id":6250,"date":"2025-01-25T15:23:41","date_gmt":"2025-01-25T15:23:41","guid":{"rendered":"https:\/\/haberbesiktas.tr\/?p=6250"},"modified":"2025-01-25T15:23:41","modified_gmt":"2025-01-25T15:23:41","slug":"corum-fk-can-efe-bozaciyi-transfer-etti","status":"publish","type":"post","link":"https:\/\/haberbesiktas.tr\/?p=6250","title":{"rendered":"\u00c7orum FK, Can Efe Bozac\u0131&#8217;y\u0131 transfer etti"},"content":{"rendered":"<div>Trendyol 1. Lig tak\u0131mlar\u0131ndan Ahlatc\u0131 \u00c7orum FK, gen\u00e7 futbolcu Can Efe Bozac\u0131&#8217;y\u0131 tak\u0131m\u0131na katt\u0131.\u00a0 Kul\u00fcb\u00fcn resmi toplumsal medya hesab\u0131ndan yap\u0131lan a\u00e7\u0131klamada, son olarak Bodrum FK formas\u0131 giyen 19 ya\u015f\u0131ndaki forvetle 3,5 y\u0131ll\u0131k mukavele imzaland\u0131\u011f\u0131 bildirildi.<\/p>\n<p> A\u00e7\u0131klamada, &#8220;Bodrum Futbol Kul\u00fcb\u00fcnden transfer etti\u011fimiz Can Efe Bozac\u0131 ile 3,5 y\u0131ll\u0131k kontrat imzalad\u0131k. Can Efe&#8217;ye, ortam\u0131za be\u011fenilen geldin diyor, muvaffakiyetler diliyoruz.&#8221; denildi.<\/p>\n<\/div>\n","protected":false},"excerpt":{"rendered":"<p>Trendyol 1. Lig tak\u0131mlar\u0131ndan Ahlatc\u0131 \u00c7orum FK, gen\u00e7 futbolcu Can Efe Bozac\u0131&#8217;y\u0131 transfer etti.<\/p>\n","protected":false},"author":1,"featured_media":6251,"comment_status":"open","ping_status":"open","sticky":false,"template":"","format":"standard","meta":{"footnotes":""},"categories":[25],"tags":[],"class_list":["post-6250","post","type-post","status-publish","format-standard","has-post-thumbnail","hentry","category-futbol"],"_links":{"self":[{"href":"https:\/\/haberbesiktas.tr\/index.php?rest_route=\/wp\/v2\/posts\/6250","targetHints":{"allow":["GET"]}}],"collection":[{"href":"https:\/\/haberbesiktas.tr\/index.php?rest_route=\/wp\/v2\/posts"}],"about":[{"href":"https:\/\/haberbesiktas.tr\/index.php?rest_route=\/wp\/v2\/types\/post"}],"author":[{"embeddable":true,"href":"https:\/\/haberbesiktas.tr\/index.php?rest_route=\/wp\/v2\/users\/1"}],"replies":[{"embeddable":true,"href":"https:\/\/haberbesiktas.tr\/index.php?rest_route=%2Fwp%2Fv2%2Fcomments&post=6250"}],"version-history":[{"count":1,"href":"https:\/\/haberbesiktas.tr\/index.php?rest_route=\/wp\/v2\/posts\/6250\/revisions"}],"predecessor-version":[{"id":6252,"href":"https:\/\/haberbesiktas.tr\/index.php?rest_route=\/wp\/v2\/posts\/6250\/revisions\/6252"}],"wp:featuredmedia":[{"embeddable":true,"href":"https:\/\/haberbesiktas.tr\/index.php?rest_route=\/wp\/v2\/media\/6251"}],"wp:attachment":[{"href":"https:\/\/haberbesiktas.tr\/index.php?rest_route=%2Fwp%2Fv2%2Fmedia&parent=6250"}],"wp:term":[{"taxonomy":"category","embeddable":true,"href":"https:\/\/haberbesiktas.tr\/index.php?rest_route=%2Fwp%2Fv2%2Fcategories&post=6250"},{"taxonomy":"post_tag","embeddable":true,"href":"https:\/\/haberbesiktas.tr\/index.php?rest_route=%2Fwp%2Fv2%2Ftags&post=6250"}],"curies":[{"name":"wp","href":"https:\/\/api.w.org\/{rel}","templated":true}]}}