{"id":6253,"date":"2025-01-25T15:35:40","date_gmt":"2025-01-25T15:35:40","guid":{"rendered":"https:\/\/haberbesiktas.tr\/?p=6253"},"modified":"2025-01-25T15:35:40","modified_gmt":"2025-01-25T15:35:40","slug":"nuri-sahin-tepki-gostermemiz-gerekiyor","status":"publish","type":"post","link":"https:\/\/haberbesiktas.tr\/?p=6253","title":{"rendered":"Nuri \u015eahin: &#8220;Tepki g\u00f6stermemiz gerekiyor&#8221;"},"content":{"rendered":"<div>Borussia Dortmund Teknik Y\u00f6neticisi Nuri \u015eahin, ligde cuma g\u00fcn\u00fc Eintracht Frankfurt ile oynayacaklar\u0131 ma\u00e7 \u00f6ncesi a\u00e7\u0131klamalarda bulundu.<\/p>\n<p> Holstein Kiel ma\u00e7\u0131nda al\u0131nan 4-2&#8217;lik hezimet sonras\u0131 gelece\u011fi tart\u0131\u015f\u0131lan 36 ya\u015f\u0131ndaki teknik adam, Eintracht Frankfurt kar\u015f\u0131s\u0131nda bir tepki g\u00f6stermeleri gerekti\u011fini s\u00f6yledi.<\/p>\n<p> Holstein Kiel ma\u00e7\u0131n\u0131n akabinde,<strong> &#8220;Her zamanki \u00fczere i\u015fe d\u00f6nemezdik&#8221;<\/strong> diyen gen\u00e7 teknik adam, <strong>&#8220;Tak\u0131mla \u00e7ok a\u00e7\u0131k konu\u015fmalar yapt\u0131k. Ayr\u0131yeten ki\u015fisel olarak oyuncularla birtak\u0131m \u015feyleri tahlil ettik. Eksik olan her \u015feyi de\u011ferlendirdik.<\/strong>&#8221; s\u00f6zlerini kulland\u0131.<\/p>\n<p> Holstein Kiel ma\u00e7\u0131nda \u00e7ok \u015feyin eksik oldu\u011funu s\u00f6yleyen Nuri \u015eahin, Eintracht Frankfurt ma\u00e7\u0131 \u00f6ncesi tak\u0131mla ilgili de konu\u015ftu ve Niklas S\u00fcle d\u0131\u015f\u0131nda eksikleri olmad\u0131\u011f\u0131n\u0131 s\u00f6yledi. Tak\u0131mda de\u011fi\u015fiklikler olaca\u011f\u0131n\u0131 s\u00f6yleyen Nuri \u015eahin, &#8220;<strong>Performans\u0131m\u0131z berbatt\u0131 lakin 11 oyuncunun hepsini de\u011fi\u015ftiremezsiniz. S\u0131k\u0131nt\u0131 bu de\u011fil. Her \u015feyden evvel a\u00e7\u0131k olan \u015fey, hangi tak\u0131mla olursa olsun bir reaksiyon g\u00f6stermemiz gerekiyor.&#8221;<\/strong> kelamlar\u0131n\u0131 sarf etti.<\/p>\n<p> Nuri \u015eahin&#8217;in tak\u0131m\u0131 Borussia Dortmund, ligde 25 puanla 10. s\u0131rada yer al\u0131yor. Dortmund, ligin 18. haftas\u0131nda cuma g\u00fcn\u00fc Eintracht Frankfurt ile deplasmanda kar\u015f\u0131 kar\u015f\u0131ya gelecek.<\/p>\n<\/div>\n","protected":false},"excerpt":{"rendered":"<p>Borussia Dortmund Teknik Y\u00f6neticisi Nuri \u015eahin, Eintracht Frankfurt m\u00fcsabakas\u0131nda bir tepki vermeleri gerekti\u011fini s\u00f6yledi.<\/p>\n","protected":false},"author":1,"featured_media":6254,"comment_status":"open","ping_status":"open","sticky":false,"template":"","format":"standard","meta":{"footnotes":""},"categories":[25],"tags":[50],"class_list":["post-6253","post","type-post","status-publish","format-standard","has-post-thumbnail","hentry","category-futbol","tag-mac"],"_links":{"self":[{"href":"https:\/\/haberbesiktas.tr\/index.php?rest_route=\/wp\/v2\/posts\/6253","targetHints":{"allow":["GET"]}}],"collection":[{"href":"https:\/\/haberbesiktas.tr\/index.php?rest_route=\/wp\/v2\/posts"}],"about":[{"href":"https:\/\/haberbesiktas.tr\/index.php?rest_route=\/wp\/v2\/types\/post"}],"author":[{"embeddable":true,"href":"https:\/\/haberbesiktas.tr\/index.php?rest_route=\/wp\/v2\/users\/1"}],"replies":[{"embeddable":true,"href":"https:\/\/haberbesiktas.tr\/index.php?rest_route=%2Fwp%2Fv2%2Fcomments&post=6253"}],"version-history":[{"count":1,"href":"https:\/\/haberbesiktas.tr\/index.php?rest_route=\/wp\/v2\/posts\/6253\/revisions"}],"predecessor-version":[{"id":6255,"href":"https:\/\/haberbesiktas.tr\/index.php?rest_route=\/wp\/v2\/posts\/6253\/revisions\/6255"}],"wp:featuredmedia":[{"embeddable":true,"href":"https:\/\/haberbesiktas.tr\/index.php?rest_route=\/wp\/v2\/media\/6254"}],"wp:attachment":[{"href":"https:\/\/haberbesiktas.tr\/index.php?rest_route=%2Fwp%2Fv2%2Fmedia&parent=6253"}],"wp:term":[{"taxonomy":"category","embeddable":true,"href":"https:\/\/haberbesiktas.tr\/index.php?rest_route=%2Fwp%2Fv2%2Fcategories&post=6253"},{"taxonomy":"post_tag","embeddable":true,"href":"https:\/\/haberbesiktas.tr\/index.php?rest_route=%2Fwp%2Fv2%2Ftags&post=6253"}],"curies":[{"name":"wp","href":"https:\/\/api.w.org\/{rel}","templated":true}]}}