{"id":6256,"date":"2025-01-25T15:47:43","date_gmt":"2025-01-25T15:47:43","guid":{"rendered":"https:\/\/haberbesiktas.tr\/?p=6256"},"modified":"2025-01-25T15:47:43","modified_gmt":"2025-01-25T15:47:43","slug":"corum-fk-semih-akyildizi-igdir-fkye-kiraladi","status":"publish","type":"post","link":"https:\/\/haberbesiktas.tr\/?p=6256","title":{"rendered":"\u00c7orum FK, Semih Aky\u0131ld\u0131z&#8217;\u0131 I\u011fd\u0131r FK&#8217;ye kiralad\u0131"},"content":{"rendered":"<div>Trendyol 1. Lig gruplar\u0131ndan Ahlatc\u0131 \u00c7orum FK, futbolcu Semih Aky\u0131ld\u0131z&#8217;\u0131n bonservisinin I\u011fd\u0131r FK&#8217;ye kiraland\u0131\u011f\u0131n\u0131 a\u00e7\u0131klad\u0131.\u00a0 \u00c7orum FK&#8217;nin toplumsal medya hesab\u0131ndan yap\u0131lan payla\u015f\u0131mda 23 ya\u015f\u0131ndaki sa\u011f kanat oyuncusunun d\u00f6nem sonuna kadar s\u00fcreksiz transferi i\u00e7in I\u011fd\u0131r FK ile anla\u015f\u0131ld\u0131\u011f\u0131 a\u00e7\u0131kland\u0131.<\/p>\n<p> A\u00e7\u0131klamada, son olarak U\u015fakspor&#8217;da forma giyen Aky\u0131ld\u0131z&#8217;a muvaffakiyet dilendi.<\/p>\n<\/div>\n","protected":false},"excerpt":{"rendered":"<p>Trendyol 1. Lig gruplar\u0131ndan Ahlatc\u0131 \u00c7orum FK, futbolcu Semih Aky\u0131ld\u0131z&#8217;\u0131n bonservisinin I\u011fd\u0131r FK&#8217;ye kiraland\u0131\u011f\u0131n\u0131 duyurdu.<\/p>\n","protected":false},"author":1,"featured_media":6257,"comment_status":"open","ping_status":"open","sticky":false,"template":"","format":"standard","meta":{"footnotes":""},"categories":[25],"tags":[],"class_list":["post-6256","post","type-post","status-publish","format-standard","has-post-thumbnail","hentry","category-futbol"],"_links":{"self":[{"href":"https:\/\/haberbesiktas.tr\/index.php?rest_route=\/wp\/v2\/posts\/6256","targetHints":{"allow":["GET"]}}],"collection":[{"href":"https:\/\/haberbesiktas.tr\/index.php?rest_route=\/wp\/v2\/posts"}],"about":[{"href":"https:\/\/haberbesiktas.tr\/index.php?rest_route=\/wp\/v2\/types\/post"}],"author":[{"embeddable":true,"href":"https:\/\/haberbesiktas.tr\/index.php?rest_route=\/wp\/v2\/users\/1"}],"replies":[{"embeddable":true,"href":"https:\/\/haberbesiktas.tr\/index.php?rest_route=%2Fwp%2Fv2%2Fcomments&post=6256"}],"version-history":[{"count":1,"href":"https:\/\/haberbesiktas.tr\/index.php?rest_route=\/wp\/v2\/posts\/6256\/revisions"}],"predecessor-version":[{"id":6258,"href":"https:\/\/haberbesiktas.tr\/index.php?rest_route=\/wp\/v2\/posts\/6256\/revisions\/6258"}],"wp:featuredmedia":[{"embeddable":true,"href":"https:\/\/haberbesiktas.tr\/index.php?rest_route=\/wp\/v2\/media\/6257"}],"wp:attachment":[{"href":"https:\/\/haberbesiktas.tr\/index.php?rest_route=%2Fwp%2Fv2%2Fmedia&parent=6256"}],"wp:term":[{"taxonomy":"category","embeddable":true,"href":"https:\/\/haberbesiktas.tr\/index.php?rest_route=%2Fwp%2Fv2%2Fcategories&post=6256"},{"taxonomy":"post_tag","embeddable":true,"href":"https:\/\/haberbesiktas.tr\/index.php?rest_route=%2Fwp%2Fv2%2Ftags&post=6256"}],"curies":[{"name":"wp","href":"https:\/\/api.w.org\/{rel}","templated":true}]}}