{"id":6259,"date":"2025-01-25T15:59:41","date_gmt":"2025-01-25T15:59:41","guid":{"rendered":"https:\/\/haberbesiktas.tr\/?p=6259"},"modified":"2025-01-25T15:59:41","modified_gmt":"2025-01-25T15:59:41","slug":"kovactan-besiktasa-ret","status":"publish","type":"post","link":"https:\/\/haberbesiktas.tr\/?p=6259","title":{"rendered":"Kovac&#8217;tan Be\u015fikta\u015f&#8217;a ret!"},"content":{"rendered":"<div>Be\u015fikta\u015f&#8217;ta teknik y\u00f6netici aray\u0131\u015flar\u0131 t\u00fcm s\u00fcratiyle devam ediyor.<\/p>\n<p> Siyah-beyazl\u0131lar, yeni teknik y\u00f6netici i\u00e7in bir\u00e7ok isimle g\u00f6r\u00fc\u015fmelerine devam ediyor.<\/p>\n<p> Be\u015fikta\u015f i\u00e7in daha evvel de g\u00fcndeme gelen Niko Kovac i\u00e7in s\u0131cak bir geli\u015fme ya\u015fand\u0131.<\/p>\n<p> Sky&#8217;da yer alan habere nazaran, Be\u015fikta\u015f, Kovac ile g\u00f6r\u00fc\u015ft\u00fc ve taraflar ortas\u0131ndaki g\u00f6r\u00fc\u015fmelerde ilerleme kaydedildi. Fakat daha sonra Kovac, Be\u015fikta\u015f&#8217;\u0131 geri \u00e7evirdi.<\/p>\n<p> Mesle\u011finde H\u0131rvatistan, Eintracht Frankfurt, Bayern M\u00fcnih, Monaco ve Wolfsburg&#8217;u \u00e7al\u0131\u015ft\u0131ran Kovac, ge\u00e7en y\u0131l\u0131n mart ay\u0131nda Wolfsburg&#8217;tan ayr\u0131ld\u0131\u011f\u0131ndan bu yana kul\u00fcp \u00e7al\u0131\u015ft\u0131rm\u0131yor.<\/p>\n<p> Be\u015fikta\u015f&#8217;\u0131n Kovac konusun ya\u015fanan bu geli\u015fmenin akabinde listedeki alternatif isimlere y\u00f6nelmesi bekleniyor.<\/p>\n<\/div>\n","protected":false},"excerpt":{"rendered":"<p>Be\u015fikta\u015f ile g\u00f6r\u00fc\u015fen Niko Kovac, ilerleyen g\u00f6r\u00fc\u015fmelere kar\u015f\u0131n siyah-beyazl\u0131lar\u0131 geri \u00e7evirdi.<\/p>\n","protected":false},"author":1,"featured_media":6260,"comment_status":"open","ping_status":"open","sticky":false,"template":"","format":"standard","meta":{"footnotes":""},"categories":[25],"tags":[71,851],"class_list":["post-6259","post","type-post","status-publish","format-standard","has-post-thumbnail","hentry","category-futbol","tag-besiktas","tag-kovac"],"_links":{"self":[{"href":"https:\/\/haberbesiktas.tr\/index.php?rest_route=\/wp\/v2\/posts\/6259","targetHints":{"allow":["GET"]}}],"collection":[{"href":"https:\/\/haberbesiktas.tr\/index.php?rest_route=\/wp\/v2\/posts"}],"about":[{"href":"https:\/\/haberbesiktas.tr\/index.php?rest_route=\/wp\/v2\/types\/post"}],"author":[{"embeddable":true,"href":"https:\/\/haberbesiktas.tr\/index.php?rest_route=\/wp\/v2\/users\/1"}],"replies":[{"embeddable":true,"href":"https:\/\/haberbesiktas.tr\/index.php?rest_route=%2Fwp%2Fv2%2Fcomments&post=6259"}],"version-history":[{"count":1,"href":"https:\/\/haberbesiktas.tr\/index.php?rest_route=\/wp\/v2\/posts\/6259\/revisions"}],"predecessor-version":[{"id":6261,"href":"https:\/\/haberbesiktas.tr\/index.php?rest_route=\/wp\/v2\/posts\/6259\/revisions\/6261"}],"wp:featuredmedia":[{"embeddable":true,"href":"https:\/\/haberbesiktas.tr\/index.php?rest_route=\/wp\/v2\/media\/6260"}],"wp:attachment":[{"href":"https:\/\/haberbesiktas.tr\/index.php?rest_route=%2Fwp%2Fv2%2Fmedia&parent=6259"}],"wp:term":[{"taxonomy":"category","embeddable":true,"href":"https:\/\/haberbesiktas.tr\/index.php?rest_route=%2Fwp%2Fv2%2Fcategories&post=6259"},{"taxonomy":"post_tag","embeddable":true,"href":"https:\/\/haberbesiktas.tr\/index.php?rest_route=%2Fwp%2Fv2%2Ftags&post=6259"}],"curies":[{"name":"wp","href":"https:\/\/api.w.org\/{rel}","templated":true}]}}