{"id":6265,"date":"2025-01-25T16:35:42","date_gmt":"2025-01-25T16:35:42","guid":{"rendered":"https:\/\/haberbesiktas.tr\/?p=6265"},"modified":"2025-01-25T16:35:42","modified_gmt":"2025-01-25T16:35:42","slug":"west-ham-uniteddan-berisha-onerisine-ret","status":"publish","type":"post","link":"https:\/\/haberbesiktas.tr\/?p=6265","title":{"rendered":"West Ham United&#8217;dan Berisha \u00f6nerisine ret!"},"content":{"rendered":"<div>Hoffenheim&#8217;da tak\u0131mda d\u00fc\u015f\u00fcn\u00fclmeyen ve orta transfer periyodunda gruptan ayr\u0131lmas\u0131 beklenen Mergim Berisha i\u00e7in k\u0131ymetli bir haber g\u00fcndeme geldi.<\/p>\n<p> Sky&#8217;da yer alan habere nazaran, Berisha, menajerler taraf\u0131ndan forvet transferi yapmak isteyen West Ham United&#8217;a \u00f6nerildi.<\/p>\n<p> West Ham United&#8217;\u0131n ise Berisha konusunda bir transfer fikri olmad\u0131\u011f\u0131 ve listesindeki \u00f6b\u00fcr se\u00e7enekleri de\u011ferlendirdi\u011fi kaydedildi.<\/p>\n<p> Hoffenheim&#8217;da bu d\u00f6nem 17 ma\u00e7ta alana \u00e7\u0131kan 26 ya\u015f\u0131ndaki Berisha, 1 gol att\u0131 ve 1 asist yapt\u0131.<\/p>\n<\/div>\n","protected":false},"excerpt":{"rendered":"<p>Hoffenheim formas\u0131 giyen Mergim Berisha, West Ham United&#8217;a \u00f6nerildi. \u0130ngiliz tak\u0131m\u0131n\u0131n Berisha i\u00e7in bir transfer fikri olmad\u0131\u011f\u0131 belirtildi.<\/p>\n","protected":false},"author":1,"featured_media":6266,"comment_status":"open","ping_status":"open","sticky":false,"template":"","format":"standard","meta":{"footnotes":""},"categories":[25],"tags":[],"class_list":["post-6265","post","type-post","status-publish","format-standard","has-post-thumbnail","hentry","category-futbol"],"_links":{"self":[{"href":"https:\/\/haberbesiktas.tr\/index.php?rest_route=\/wp\/v2\/posts\/6265","targetHints":{"allow":["GET"]}}],"collection":[{"href":"https:\/\/haberbesiktas.tr\/index.php?rest_route=\/wp\/v2\/posts"}],"about":[{"href":"https:\/\/haberbesiktas.tr\/index.php?rest_route=\/wp\/v2\/types\/post"}],"author":[{"embeddable":true,"href":"https:\/\/haberbesiktas.tr\/index.php?rest_route=\/wp\/v2\/users\/1"}],"replies":[{"embeddable":true,"href":"https:\/\/haberbesiktas.tr\/index.php?rest_route=%2Fwp%2Fv2%2Fcomments&post=6265"}],"version-history":[{"count":1,"href":"https:\/\/haberbesiktas.tr\/index.php?rest_route=\/wp\/v2\/posts\/6265\/revisions"}],"predecessor-version":[{"id":6267,"href":"https:\/\/haberbesiktas.tr\/index.php?rest_route=\/wp\/v2\/posts\/6265\/revisions\/6267"}],"wp:featuredmedia":[{"embeddable":true,"href":"https:\/\/haberbesiktas.tr\/index.php?rest_route=\/wp\/v2\/media\/6266"}],"wp:attachment":[{"href":"https:\/\/haberbesiktas.tr\/index.php?rest_route=%2Fwp%2Fv2%2Fmedia&parent=6265"}],"wp:term":[{"taxonomy":"category","embeddable":true,"href":"https:\/\/haberbesiktas.tr\/index.php?rest_route=%2Fwp%2Fv2%2Fcategories&post=6265"},{"taxonomy":"post_tag","embeddable":true,"href":"https:\/\/haberbesiktas.tr\/index.php?rest_route=%2Fwp%2Fv2%2Ftags&post=6265"}],"curies":[{"name":"wp","href":"https:\/\/api.w.org\/{rel}","templated":true}]}}