{"id":6268,"date":"2025-01-25T17:11:41","date_gmt":"2025-01-25T17:11:41","guid":{"rendered":"https:\/\/haberbesiktas.tr\/?p=6268"},"modified":"2025-01-25T17:11:41","modified_gmt":"2025-01-25T17:11:41","slug":"tuta-icin-transfer-aciklamasi","status":"publish","type":"post","link":"https:\/\/haberbesiktas.tr\/?p=6268","title":{"rendered":"Tuta i\u00e7in transfer a\u00e7\u0131klamas\u0131"},"content":{"rendered":"<div>Eintracht Frankfurt Teknik Y\u00f6neticisi Dino Toppm\u00f6ller, ligde cuma g\u00fcn\u00fc Borussia Dortmund ile oynayacaklar\u0131 ma\u00e7 \u00f6ncesi a\u00e7\u0131klamalarda bulundu.<\/p>\n<p> Alman teknik adam, Fenerbah\u00e7e&#8217;nin transfer g\u00fcndeminde yer alan Tuta ile ilgili de konu\u015ftu.<\/p>\n<p> Toppm\u00f6ller, <strong>&#8220;Tuta hakk\u0131ndaki s\u00f6ylentiler ile ilgili olarak; kendisine ne kadar bedel verildi\u011fini ve bizim i\u00e7in \u00e7ok de\u011ferli bir oyuncu oldu\u011funu biliyor. \u015eayet birinci 11&#8217;de ba\u015flamazsa, bu ona kar\u015f\u0131 al\u0131nm\u0131\u015f bir karar olmayacak, \u015fu anda i\u015flerin yeterli gitti\u011fi \u00f6b\u00fcr oyuncular i\u00e7in verilmi\u015f bir karar olacak. Yar\u0131n oynamas\u0131n\u0131 d\u00fc\u015f\u00fcn\u00fcyoruz lakin g\u00f6rece\u011fiz.&#8221;<\/strong> dedi.<\/p>\n<p> Eintracht Frankfurt&#8217;ta bu d\u00f6nem 23 ma\u00e7ta m\u00fcddet bulan 25 ya\u015f\u0131ndaki savunma oyuncusu Tuta, 1 defa gol sevinci ya\u015fad\u0131.<\/p>\n<\/div>\n","protected":false},"excerpt":{"rendered":"<p>Eintracht Frankfurt Teknik Y\u00f6neticisi Dino Toppm\u00f6ller, Fenerbah\u00e7e&#8217;nin g\u00fcndemindeki Tuta ile ilgili konu\u015ftu.<\/p>\n","protected":false},"author":1,"featured_media":6269,"comment_status":"open","ping_status":"open","sticky":false,"template":"","format":"standard","meta":{"footnotes":""},"categories":[25],"tags":[],"class_list":["post-6268","post","type-post","status-publish","format-standard","has-post-thumbnail","hentry","category-futbol"],"_links":{"self":[{"href":"https:\/\/haberbesiktas.tr\/index.php?rest_route=\/wp\/v2\/posts\/6268","targetHints":{"allow":["GET"]}}],"collection":[{"href":"https:\/\/haberbesiktas.tr\/index.php?rest_route=\/wp\/v2\/posts"}],"about":[{"href":"https:\/\/haberbesiktas.tr\/index.php?rest_route=\/wp\/v2\/types\/post"}],"author":[{"embeddable":true,"href":"https:\/\/haberbesiktas.tr\/index.php?rest_route=\/wp\/v2\/users\/1"}],"replies":[{"embeddable":true,"href":"https:\/\/haberbesiktas.tr\/index.php?rest_route=%2Fwp%2Fv2%2Fcomments&post=6268"}],"version-history":[{"count":1,"href":"https:\/\/haberbesiktas.tr\/index.php?rest_route=\/wp\/v2\/posts\/6268\/revisions"}],"predecessor-version":[{"id":6270,"href":"https:\/\/haberbesiktas.tr\/index.php?rest_route=\/wp\/v2\/posts\/6268\/revisions\/6270"}],"wp:featuredmedia":[{"embeddable":true,"href":"https:\/\/haberbesiktas.tr\/index.php?rest_route=\/wp\/v2\/media\/6269"}],"wp:attachment":[{"href":"https:\/\/haberbesiktas.tr\/index.php?rest_route=%2Fwp%2Fv2%2Fmedia&parent=6268"}],"wp:term":[{"taxonomy":"category","embeddable":true,"href":"https:\/\/haberbesiktas.tr\/index.php?rest_route=%2Fwp%2Fv2%2Fcategories&post=6268"},{"taxonomy":"post_tag","embeddable":true,"href":"https:\/\/haberbesiktas.tr\/index.php?rest_route=%2Fwp%2Fv2%2Ftags&post=6268"}],"curies":[{"name":"wp","href":"https:\/\/api.w.org\/{rel}","templated":true}]}}