{"id":6271,"date":"2025-01-25T17:59:40","date_gmt":"2025-01-25T17:59:40","guid":{"rendered":"https:\/\/haberbesiktas.tr\/?p=6271"},"modified":"2025-01-25T17:59:40","modified_gmt":"2025-01-25T17:59:40","slug":"brentfordda-yunus-emre-konak-karari","status":"publish","type":"post","link":"https:\/\/haberbesiktas.tr\/?p=6271","title":{"rendered":"Brentford&#8217;da Yunus Emre Konak karar\u0131!"},"content":{"rendered":"<div>\u0130ngiltere Premier Lig gruplar\u0131ndan Brentford&#8217;da forma giyen Yunus Emre Konak, kadrodan ayr\u0131labilir.<\/p>\n<p> \u0130ngiliz bas\u0131n\u0131nda yer alan habere nazaran, Brentford&#8217;un, 19 ya\u015f\u0131ndaki futbolcuyu kiralamak istedi\u011fi belirtildi.<\/p>\n<p> Kul\u00fcb\u00fcn, gen\u00e7 oyuncunun kiralanmas\u0131 i\u00e7in \u00e7al\u0131\u015fmalar\u0131 oldu\u011fu \u00f6ne s\u00fcr\u00fcld\u00fc.<\/p>\n<p> 19 ya\u015f\u0131ndaki Yunus Emre Konak, bu d\u00f6nem Brentford&#8217;da 7 ma\u00e7ta 47 dakika m\u00fcddet buldu.<\/p>\n<p> \u015eimdiki piyasa k\u0131ymeti 4.5 milyon euro olarak g\u00f6sterilen Yunus Emre Konak&#8217;\u0131n bonservisinin bulundu\u011fu Brentford ile kontrat\u0131 2029 y\u0131l\u0131na kadar devam ediyor.<\/p>\n<\/div>\n","protected":false},"excerpt":{"rendered":"<p>\u0130ngiliz tak\u0131m\u0131 Brentford, Yunus Emre Konak&#8217;\u0131 kiralamak istiyor.<\/p>\n","protected":false},"author":1,"featured_media":6272,"comment_status":"open","ping_status":"open","sticky":false,"template":"","format":"standard","meta":{"footnotes":""},"categories":[25],"tags":[],"class_list":["post-6271","post","type-post","status-publish","format-standard","has-post-thumbnail","hentry","category-futbol"],"_links":{"self":[{"href":"https:\/\/haberbesiktas.tr\/index.php?rest_route=\/wp\/v2\/posts\/6271","targetHints":{"allow":["GET"]}}],"collection":[{"href":"https:\/\/haberbesiktas.tr\/index.php?rest_route=\/wp\/v2\/posts"}],"about":[{"href":"https:\/\/haberbesiktas.tr\/index.php?rest_route=\/wp\/v2\/types\/post"}],"author":[{"embeddable":true,"href":"https:\/\/haberbesiktas.tr\/index.php?rest_route=\/wp\/v2\/users\/1"}],"replies":[{"embeddable":true,"href":"https:\/\/haberbesiktas.tr\/index.php?rest_route=%2Fwp%2Fv2%2Fcomments&post=6271"}],"version-history":[{"count":1,"href":"https:\/\/haberbesiktas.tr\/index.php?rest_route=\/wp\/v2\/posts\/6271\/revisions"}],"predecessor-version":[{"id":6273,"href":"https:\/\/haberbesiktas.tr\/index.php?rest_route=\/wp\/v2\/posts\/6271\/revisions\/6273"}],"wp:featuredmedia":[{"embeddable":true,"href":"https:\/\/haberbesiktas.tr\/index.php?rest_route=\/wp\/v2\/media\/6272"}],"wp:attachment":[{"href":"https:\/\/haberbesiktas.tr\/index.php?rest_route=%2Fwp%2Fv2%2Fmedia&parent=6271"}],"wp:term":[{"taxonomy":"category","embeddable":true,"href":"https:\/\/haberbesiktas.tr\/index.php?rest_route=%2Fwp%2Fv2%2Fcategories&post=6271"},{"taxonomy":"post_tag","embeddable":true,"href":"https:\/\/haberbesiktas.tr\/index.php?rest_route=%2Fwp%2Fv2%2Ftags&post=6271"}],"curies":[{"name":"wp","href":"https:\/\/api.w.org\/{rel}","templated":true}]}}