{"id":6274,"date":"2025-01-25T18:11:40","date_gmt":"2025-01-25T18:11:40","guid":{"rendered":"https:\/\/haberbesiktas.tr\/?p=6274"},"modified":"2025-01-25T18:11:40","modified_gmt":"2025-01-25T18:11:40","slug":"twente-naci-unuvari-acikladi","status":"publish","type":"post","link":"https:\/\/haberbesiktas.tr\/?p=6274","title":{"rendered":"Twente, Naci \u00dcn\u00fcvar&#8217;\u0131 a\u00e7\u0131klad\u0131!"},"content":{"rendered":"<div>Twente, Ajax&#8217;tan Naci \u00dcn\u00fcvar&#8217;\u0131 tak\u0131m\u0131na katt\u0131\u011f\u0131n\u0131 a\u00e7\u0131klad\u0131.<\/p>\n<p> Hollanda tak\u0131m\u0131ndan yap\u0131lan a\u00e7\u0131klamada 21 ya\u015f\u0131ndaki futbolcu ile 2028 y\u0131l\u0131na kadar mukavele imzaland\u0131\u011f\u0131 belirtildi.<\/p>\n<p> Daha evvel de Twente&#8217;te kiral\u0131k olarak forma giyen Naci \u00dcn\u00fcvar, d\u00f6nemin birinci yar\u0131s\u0131n\u0131 kiral\u0131k olarak \u0130spanyol tak\u0131m\u0131 Espanyol&#8217;da ge\u00e7irmi\u015fti.<\/p>\n<p> Espanyol&#8217;da bu d\u00f6nem 4 ma\u00e7ta m\u00fchlet bulan gen\u00e7 oyuncu, 1 asist yapt\u0131.<\/p>\n<p> Naci \u00dcn\u00fcvar, 2022-20223 d\u00f6neminde da kiral\u0131k olarak T\u00fcrkiye&#8217;de Trabzonspor formas\u0131 giymi\u015fti.<\/p>\n<\/div>\n","protected":false},"excerpt":{"rendered":"<p>Twente, Ajax&#8217;tan 21 ya\u015f\u0131ndaki Naci \u00dcn\u00fcvar&#8217;\u0131 tak\u0131m\u0131na katt\u0131.<\/p>\n","protected":false},"author":1,"featured_media":6275,"comment_status":"open","ping_status":"open","sticky":false,"template":"","format":"standard","meta":{"footnotes":""},"categories":[25],"tags":[],"class_list":["post-6274","post","type-post","status-publish","format-standard","has-post-thumbnail","hentry","category-futbol"],"_links":{"self":[{"href":"https:\/\/haberbesiktas.tr\/index.php?rest_route=\/wp\/v2\/posts\/6274","targetHints":{"allow":["GET"]}}],"collection":[{"href":"https:\/\/haberbesiktas.tr\/index.php?rest_route=\/wp\/v2\/posts"}],"about":[{"href":"https:\/\/haberbesiktas.tr\/index.php?rest_route=\/wp\/v2\/types\/post"}],"author":[{"embeddable":true,"href":"https:\/\/haberbesiktas.tr\/index.php?rest_route=\/wp\/v2\/users\/1"}],"replies":[{"embeddable":true,"href":"https:\/\/haberbesiktas.tr\/index.php?rest_route=%2Fwp%2Fv2%2Fcomments&post=6274"}],"version-history":[{"count":1,"href":"https:\/\/haberbesiktas.tr\/index.php?rest_route=\/wp\/v2\/posts\/6274\/revisions"}],"predecessor-version":[{"id":6276,"href":"https:\/\/haberbesiktas.tr\/index.php?rest_route=\/wp\/v2\/posts\/6274\/revisions\/6276"}],"wp:featuredmedia":[{"embeddable":true,"href":"https:\/\/haberbesiktas.tr\/index.php?rest_route=\/wp\/v2\/media\/6275"}],"wp:attachment":[{"href":"https:\/\/haberbesiktas.tr\/index.php?rest_route=%2Fwp%2Fv2%2Fmedia&parent=6274"}],"wp:term":[{"taxonomy":"category","embeddable":true,"href":"https:\/\/haberbesiktas.tr\/index.php?rest_route=%2Fwp%2Fv2%2Fcategories&post=6274"},{"taxonomy":"post_tag","embeddable":true,"href":"https:\/\/haberbesiktas.tr\/index.php?rest_route=%2Fwp%2Fv2%2Ftags&post=6274"}],"curies":[{"name":"wp","href":"https:\/\/api.w.org\/{rel}","templated":true}]}}