{"id":6292,"date":"2025-01-25T19:47:41","date_gmt":"2025-01-25T19:47:41","guid":{"rendered":"https:\/\/haberbesiktas.tr\/?p=6292"},"modified":"2025-01-25T19:47:41","modified_gmt":"2025-01-25T19:47:41","slug":"besiktasta-veda-ihtimali-cher-ndour","status":"publish","type":"post","link":"https:\/\/haberbesiktas.tr\/?p=6292","title":{"rendered":"Be\u015fikta\u015f&#8217;ta veda ihtimali: Cher Ndour"},"content":{"rendered":"<div>Teknik y\u00f6netici aray\u0131\u015flar\u0131na devam eden Be\u015fikta\u015f&#8217;ta bir yandan da transfer \u00e7al\u0131\u015fmalar\u0131 devam ediyor.<\/p>\n<p> Siyah-beyazl\u0131larda gelecek oyuncular kadar gidecek isimler de b\u00fcy\u00fck bir merakla bekleniyor.<\/p>\n<p><strong>AYRILIK \u0130HT\u0130MAL\u0130<\/strong><\/p>\n<p> Be\u015fikta\u015f&#8217;ta yaz transfer periyodunda tak\u0131ma kat\u0131lan Cher Ndour i\u00e7in de ayr\u0131l\u0131k ihtimali oldu\u011fu ortaya \u00e7\u0131kt\u0131.<\/p>\n<p> Be\u015fikta\u015f \u0130daresi, yabanc\u0131 kontenjan\u0131 ve orta alandaki kalabal\u0131k nedeniyle Ndour ile devre ortas\u0131nda yollar\u0131n\u0131 ay\u0131rabilir.<\/p>\n<p> Be\u015fikta\u015f&#8217;ta yeni teknik y\u00f6neticinin a\u015fik\u00e2r olmas\u0131n\u0131n akabinde Ndour&#8217;un gelece\u011finin de netlik kazanmas\u0131 bekleniyor.<\/p>\n<p><strong>BE\u015e\u0130KTA\u015e PERFORMANSI<\/strong><\/p>\n<p> Be\u015fikta\u015f, 20 ya\u015f\u0131ndaki futbolcuyu yaz transfer periyodunda Paris Saint-Germain&#8217;den kiral\u0131k olarak tak\u0131m\u0131na katm\u0131\u015ft\u0131. Gen\u00e7 futbolcu i\u00e7in yap\u0131lan kiral\u0131k muahedede sat\u0131n alma opsiyonu yer alm\u0131yor.<\/p>\n<p> Be\u015fikta\u015f&#8217;ta bu d\u00f6nem 21 ma\u00e7ta m\u00fchlet bulan Ndour, 1 gol att\u0131 ve 2 asist yapt\u0131.<\/p>\n<\/div>\n","protected":false},"excerpt":{"rendered":"<p>Be\u015fikta\u015f, devre ortas\u0131 transfer devrinde Cher Ndour ile yollar\u0131n\u0131 ay\u0131rabilir.<\/p>\n","protected":false},"author":1,"featured_media":6293,"comment_status":"open","ping_status":"open","sticky":false,"template":"","format":"standard","meta":{"footnotes":""},"categories":[25],"tags":[71],"class_list":["post-6292","post","type-post","status-publish","format-standard","has-post-thumbnail","hentry","category-futbol","tag-besiktas"],"_links":{"self":[{"href":"https:\/\/haberbesiktas.tr\/index.php?rest_route=\/wp\/v2\/posts\/6292","targetHints":{"allow":["GET"]}}],"collection":[{"href":"https:\/\/haberbesiktas.tr\/index.php?rest_route=\/wp\/v2\/posts"}],"about":[{"href":"https:\/\/haberbesiktas.tr\/index.php?rest_route=\/wp\/v2\/types\/post"}],"author":[{"embeddable":true,"href":"https:\/\/haberbesiktas.tr\/index.php?rest_route=\/wp\/v2\/users\/1"}],"replies":[{"embeddable":true,"href":"https:\/\/haberbesiktas.tr\/index.php?rest_route=%2Fwp%2Fv2%2Fcomments&post=6292"}],"version-history":[{"count":1,"href":"https:\/\/haberbesiktas.tr\/index.php?rest_route=\/wp\/v2\/posts\/6292\/revisions"}],"predecessor-version":[{"id":6294,"href":"https:\/\/haberbesiktas.tr\/index.php?rest_route=\/wp\/v2\/posts\/6292\/revisions\/6294"}],"wp:featuredmedia":[{"embeddable":true,"href":"https:\/\/haberbesiktas.tr\/index.php?rest_route=\/wp\/v2\/media\/6293"}],"wp:attachment":[{"href":"https:\/\/haberbesiktas.tr\/index.php?rest_route=%2Fwp%2Fv2%2Fmedia&parent=6292"}],"wp:term":[{"taxonomy":"category","embeddable":true,"href":"https:\/\/haberbesiktas.tr\/index.php?rest_route=%2Fwp%2Fv2%2Fcategories&post=6292"},{"taxonomy":"post_tag","embeddable":true,"href":"https:\/\/haberbesiktas.tr\/index.php?rest_route=%2Fwp%2Fv2%2Ftags&post=6292"}],"curies":[{"name":"wp","href":"https:\/\/api.w.org\/{rel}","templated":true}]}}