{"id":6352,"date":"2025-01-26T01:47:41","date_gmt":"2025-01-26T01:47:41","guid":{"rendered":"https:\/\/haberbesiktas.tr\/?p=6352"},"modified":"2025-01-26T01:47:41","modified_gmt":"2025-01-26T01:47:41","slug":"genclerbirligiden-sol-beke-takviye","status":"publish","type":"post","link":"https:\/\/haberbesiktas.tr\/?p=6352","title":{"rendered":"Gen\u00e7lerbirli\u011fi&#8217;den sol beke takviye"},"content":{"rendered":"<div>Trendyol 1. Lig gruplar\u0131ndan Gen\u00e7lerbirli\u011fi, \u00c7ek sol bek Matej Hanousek&#8217;i tak\u0131m\u0131na katt\u0131.<\/p>\n<p> K\u0131rm\u0131z\u0131-siyahl\u0131 kul\u00fcpten yap\u0131lan a\u00e7\u0131klamaya nazaran, son olarak Yunanistan&#8217;\u0131n Kallithea ekibinin formas\u0131n\u0131 giyen 31 ya\u015f\u0131ndaki defans oyuncusuyla 1,5 y\u0131ll\u0131k mukavele imzaland\u0131.<\/p>\n<p> T\u00fcrkiye&#8217;de bir devir Gaziantep FK ve MKE Ankarag\u00fcc\u00fc formalar\u0131 da giyen Hanousek, Gen\u00e7lerbirli\u011fi&#8217;nin orta transfer periyodunda tak\u0131m\u0131na katt\u0131\u011f\u0131 birinci isim oldu.<\/p>\n<\/div>\n","protected":false},"excerpt":{"rendered":"<p>Gen\u00e7lerbirli\u011fi, \u00c7ek sol bek Matej Hanousek&#8217;i transfer etti.<\/p>\n","protected":false},"author":1,"featured_media":6353,"comment_status":"open","ping_status":"open","sticky":false,"template":"","format":"standard","meta":{"footnotes":""},"categories":[25],"tags":[],"class_list":["post-6352","post","type-post","status-publish","format-standard","has-post-thumbnail","hentry","category-futbol"],"_links":{"self":[{"href":"https:\/\/haberbesiktas.tr\/index.php?rest_route=\/wp\/v2\/posts\/6352","targetHints":{"allow":["GET"]}}],"collection":[{"href":"https:\/\/haberbesiktas.tr\/index.php?rest_route=\/wp\/v2\/posts"}],"about":[{"href":"https:\/\/haberbesiktas.tr\/index.php?rest_route=\/wp\/v2\/types\/post"}],"author":[{"embeddable":true,"href":"https:\/\/haberbesiktas.tr\/index.php?rest_route=\/wp\/v2\/users\/1"}],"replies":[{"embeddable":true,"href":"https:\/\/haberbesiktas.tr\/index.php?rest_route=%2Fwp%2Fv2%2Fcomments&post=6352"}],"version-history":[{"count":1,"href":"https:\/\/haberbesiktas.tr\/index.php?rest_route=\/wp\/v2\/posts\/6352\/revisions"}],"predecessor-version":[{"id":6354,"href":"https:\/\/haberbesiktas.tr\/index.php?rest_route=\/wp\/v2\/posts\/6352\/revisions\/6354"}],"wp:featuredmedia":[{"embeddable":true,"href":"https:\/\/haberbesiktas.tr\/index.php?rest_route=\/wp\/v2\/media\/6353"}],"wp:attachment":[{"href":"https:\/\/haberbesiktas.tr\/index.php?rest_route=%2Fwp%2Fv2%2Fmedia&parent=6352"}],"wp:term":[{"taxonomy":"category","embeddable":true,"href":"https:\/\/haberbesiktas.tr\/index.php?rest_route=%2Fwp%2Fv2%2Fcategories&post=6352"},{"taxonomy":"post_tag","embeddable":true,"href":"https:\/\/haberbesiktas.tr\/index.php?rest_route=%2Fwp%2Fv2%2Ftags&post=6352"}],"curies":[{"name":"wp","href":"https:\/\/api.w.org\/{rel}","templated":true}]}}