{"id":6361,"date":"2025-01-26T02:47:40","date_gmt":"2025-01-26T02:47:40","guid":{"rendered":"https:\/\/haberbesiktas.tr\/?p=6361"},"modified":"2025-01-26T02:47:40","modified_gmt":"2025-01-26T02:47:40","slug":"altayda-111-yil-coskusu","status":"publish","type":"post","link":"https:\/\/haberbesiktas.tr\/?p=6361","title":{"rendered":"Altay&#8217;da 111. y\u0131l co\u015fkusu"},"content":{"rendered":"<div>\u0130zmir&#8217;in ve T\u00fcrk sporunun esasl\u0131 kul\u00fcplerinden Altay&#8217;\u0131n 111&#8217;inci kurulu\u015f y\u0131l d\u00f6n\u00fcm\u00fc m\u00fcnasebetiyle taraftarlar kutlama yapt\u0131.<\/p>\n<p> Altay 1914 Taraftarlar Derne\u011finin tertibiyle Alsancak Liman\u0131 etraf\u0131nda bir ortaya gelen taraftarlar, Altay bayraklar\u0131 ve formalar\u0131yla mar\u015flar s\u00f6yleyerek K\u0131br\u0131s \u015eehitleri Caddesi&#8217;nde kortej y\u00fcr\u00fcy\u00fc\u015f\u00fc ger\u00e7ekle\u015ftirdi.<\/p>\n<p> Saat 19.14&#8217;te yak\u0131lan me\u015faleler e\u015fli\u011findeki kutlamalara, vatanda\u015flar da takviye verdi.<\/p>\n<p> \u0130zmir Emniyet M\u00fcd\u00fcrl\u00fc\u011f\u00fc gruplar\u0131 de kutlamalar m\u00fcnasebetiyle etrafta g\u00fcvenlik tedbiri ald\u0131.<\/p>\n<\/div>\n","protected":false},"excerpt":{"rendered":"<p>Altay&#8217;\u0131n kurulu\u015funun 111&#8217;inci y\u0131l d\u00f6n\u00fcm\u00fc co\u015fkuyla kutland\u0131.<\/p>\n","protected":false},"author":1,"featured_media":6362,"comment_status":"open","ping_status":"open","sticky":false,"template":"","format":"standard","meta":{"footnotes":""},"categories":[25],"tags":[],"class_list":["post-6361","post","type-post","status-publish","format-standard","has-post-thumbnail","hentry","category-futbol"],"_links":{"self":[{"href":"https:\/\/haberbesiktas.tr\/index.php?rest_route=\/wp\/v2\/posts\/6361","targetHints":{"allow":["GET"]}}],"collection":[{"href":"https:\/\/haberbesiktas.tr\/index.php?rest_route=\/wp\/v2\/posts"}],"about":[{"href":"https:\/\/haberbesiktas.tr\/index.php?rest_route=\/wp\/v2\/types\/post"}],"author":[{"embeddable":true,"href":"https:\/\/haberbesiktas.tr\/index.php?rest_route=\/wp\/v2\/users\/1"}],"replies":[{"embeddable":true,"href":"https:\/\/haberbesiktas.tr\/index.php?rest_route=%2Fwp%2Fv2%2Fcomments&post=6361"}],"version-history":[{"count":1,"href":"https:\/\/haberbesiktas.tr\/index.php?rest_route=\/wp\/v2\/posts\/6361\/revisions"}],"predecessor-version":[{"id":6363,"href":"https:\/\/haberbesiktas.tr\/index.php?rest_route=\/wp\/v2\/posts\/6361\/revisions\/6363"}],"wp:featuredmedia":[{"embeddable":true,"href":"https:\/\/haberbesiktas.tr\/index.php?rest_route=\/wp\/v2\/media\/6362"}],"wp:attachment":[{"href":"https:\/\/haberbesiktas.tr\/index.php?rest_route=%2Fwp%2Fv2%2Fmedia&parent=6361"}],"wp:term":[{"taxonomy":"category","embeddable":true,"href":"https:\/\/haberbesiktas.tr\/index.php?rest_route=%2Fwp%2Fv2%2Fcategories&post=6361"},{"taxonomy":"post_tag","embeddable":true,"href":"https:\/\/haberbesiktas.tr\/index.php?rest_route=%2Fwp%2Fv2%2Ftags&post=6361"}],"curies":[{"name":"wp","href":"https:\/\/api.w.org\/{rel}","templated":true}]}}