{"id":6367,"date":"2025-01-26T03:23:41","date_gmt":"2025-01-26T03:23:41","guid":{"rendered":"https:\/\/haberbesiktas.tr\/?p=6367"},"modified":"2025-01-26T03:23:41","modified_gmt":"2025-01-26T03:23:41","slug":"real-sociedad-sahasinda-turu-gecti","status":"publish","type":"post","link":"https:\/\/haberbesiktas.tr\/?p=6367","title":{"rendered":"Real Sociedad, sahas\u0131nda turu ge\u00e7ti!"},"content":{"rendered":"<div>\u0130spanya Kral Kupas\u0131 son 16 \u00e7e\u015fidi ma\u00e7\u0131nda Real Sociedad, alan\u0131nda Rayo Vallecano ile kar\u015f\u0131 kar\u015f\u0131ya geldi. Reale Arena&#8217;daki ma\u00e7\u0131 mesken sahibi tak\u0131m Real Sociedad, 3-1&#8217;lik skorla kazand\u0131.<\/p>\n<p> Real Sociedad&#8217;a galibiyeti getiren golleri 23. dakikada Mikel Oyarzabal, 45. dakikada Jon Ander Olasagati ve 79. dakikada Sergio Gomez att\u0131. Rayo Vallecano&#8217;nun tek gol\u00fc 45+7. dakikada penalt\u0131dan Oscar Trejo att\u0131.<\/p>\n<p> Rayo Vallecano&#8217;da Alfonso Espino, 77&#8217;de k\u0131rm\u0131z\u0131 kart g\u00f6rd\u00fc ve ekibini 10 ki\u015fi b\u0131rakt\u0131.<\/p>\n<p> Bu sonucun akabinde Real Sociedad, Kral Kupas\u0131&#8217;nda \u00e7e\u015fit atlad\u0131. Rayo Vallecano, turnuvaya veda etti.<\/p>\n<p> Real Sociedad, ligde hafta sonunda Valencia deplasman\u0131na gidecek. Rayo Vallecano, Osasuna ile deplasmanda kar\u015f\u0131 kar\u015f\u0131ya gelecek.<\/p>\n<p> \u00a0<\/p>\n<\/div>\n","protected":false},"excerpt":{"rendered":"<p>\u0130spanya Kral Kupas\u0131 son 16 \u00e7e\u015fidi ma\u00e7\u0131nda Real Sociedad, alan\u0131nda Rayo Vallecano&#8217;yu 3-1 ma\u011flup etti ve \u00e7e\u015fit atlad\u0131.<\/p>\n","protected":false},"author":1,"featured_media":6368,"comment_status":"open","ping_status":"open","sticky":false,"template":"","format":"standard","meta":{"footnotes":""},"categories":[25],"tags":[862,700],"class_list":["post-6367","post","type-post","status-publish","format-standard","has-post-thumbnail","hentry","category-futbol","tag-rayo-vallecano","tag-real"],"_links":{"self":[{"href":"https:\/\/haberbesiktas.tr\/index.php?rest_route=\/wp\/v2\/posts\/6367","targetHints":{"allow":["GET"]}}],"collection":[{"href":"https:\/\/haberbesiktas.tr\/index.php?rest_route=\/wp\/v2\/posts"}],"about":[{"href":"https:\/\/haberbesiktas.tr\/index.php?rest_route=\/wp\/v2\/types\/post"}],"author":[{"embeddable":true,"href":"https:\/\/haberbesiktas.tr\/index.php?rest_route=\/wp\/v2\/users\/1"}],"replies":[{"embeddable":true,"href":"https:\/\/haberbesiktas.tr\/index.php?rest_route=%2Fwp%2Fv2%2Fcomments&post=6367"}],"version-history":[{"count":1,"href":"https:\/\/haberbesiktas.tr\/index.php?rest_route=\/wp\/v2\/posts\/6367\/revisions"}],"predecessor-version":[{"id":6369,"href":"https:\/\/haberbesiktas.tr\/index.php?rest_route=\/wp\/v2\/posts\/6367\/revisions\/6369"}],"wp:featuredmedia":[{"embeddable":true,"href":"https:\/\/haberbesiktas.tr\/index.php?rest_route=\/wp\/v2\/media\/6368"}],"wp:attachment":[{"href":"https:\/\/haberbesiktas.tr\/index.php?rest_route=%2Fwp%2Fv2%2Fmedia&parent=6367"}],"wp:term":[{"taxonomy":"category","embeddable":true,"href":"https:\/\/haberbesiktas.tr\/index.php?rest_route=%2Fwp%2Fv2%2Fcategories&post=6367"},{"taxonomy":"post_tag","embeddable":true,"href":"https:\/\/haberbesiktas.tr\/index.php?rest_route=%2Fwp%2Fv2%2Ftags&post=6367"}],"curies":[{"name":"wp","href":"https:\/\/api.w.org\/{rel}","templated":true}]}}