{"id":6393,"date":"2025-01-26T05:35:41","date_gmt":"2025-01-26T05:35:41","guid":{"rendered":"https:\/\/haberbesiktas.tr\/?p=6393"},"modified":"2025-01-26T05:35:41","modified_gmt":"2025-01-26T05:35:41","slug":"real-madrid-kupada-uzatmada-turladi","status":"publish","type":"post","link":"https:\/\/haberbesiktas.tr\/?p=6393","title":{"rendered":"Real Madrid, kupada uzatmada turlad\u0131!"},"content":{"rendered":"<div>\u0130spanya Kral Kupas\u0131 son 16 \u00e7e\u015fidi ma\u00e7\u0131nda Real Madrid, alan\u0131nda Celta Vigo ile kar\u015f\u0131la\u015ft\u0131. Santiago Berbabeu&#8217;daki ma\u00e7\u0131 Real Madrid, uzatmalarda 5-2&#8217;lik skorla kazand\u0131.<\/p>\n<p> Real Madrid, 37. dakikada Kylian Mbappe ve 48. dakikada Vinicius Junior ile 2-0&#8217;\u0131 buldu. Celta Vigo&#8217;da 83. dakikada Jonathan Bamba durumu 2-1&#8217;e getiren gol\u00fc att\u0131. Konuk grup Celta Vigo, Marcos Alonsu&#8217;nun 90+1&#8217;deki penalt\u0131 gol\u00fcyle 2-2&#8217;yi buldu ve ma\u00e7 uzatmalara gitti.<\/p>\n<p> <strong>ARDA&#8217;DAN AS\u0130ST<\/strong><\/p>\n<p> Real Madrid, 108. dakikada 3-2 \u00f6ne ge\u00e7ti. Bu dakikada Arda G\u00fcler&#8217;in pas\u0131yla topla bulu\u015fan Endrick, ekibini 3-2 \u00f6ne ta\u015f\u0131d\u0131.<\/p>\n<p> Real Madrid&#8217;de Federico Valverde, 112. dakikada att\u0131\u011f\u0131 golle durumu 4-2&#8217;ye getirdi. \u0130spanyol grubunun gen\u00e7 y\u0131ld\u0131z\u0131 Endrick, 119&#8217;da bir sefer daha fileleri havaland\u0131rd\u0131 ve ma\u00e7\u0131n skorunu 5-2 olarak belirledi. Endrick&#8217;e birinci gol\u00fcnde oldu\u011fu \u00fczere asisti yapan isim yeniden Arda G\u00fcler oldu.<\/p>\n<p> <strong>ARDA&#8217;NIN GOL\u00dc \u0130PTAL OLDU<\/strong><\/p>\n<p> Real Madrid&#8217;de m\u00fcsabakaya yedek kul\u00fcbesinde ba\u015flayan Arda G\u00fcler, 70. dakikada oyuna dahil oldu. Ulusal futbolcunun 77. dakikada att\u0131\u011f\u0131 bir gol, VAR incelemesinin akabinde ofsayt gerek\u00e7esiyle iptal edildi. Gen\u00e7 futbolcu, 108 ve 119&#8217;da Endrick&#8217;in att\u0131\u011f\u0131 iki golde asisti yapan isim oldu.<\/p>\n<p> <strong>ANCELOTTI VE OYUNCULARA ISLIK<\/strong><\/p>\n<p> Real Madrid trib\u00fcnleri, Barcelona kar\u015f\u0131s\u0131nda 5-2&#8217;lik a\u011f\u0131r hezimetin akabinde Celta Vigo ma\u00e7\u0131nda Carlo Ancelotti ve kimi oyunculara reaksiyon g\u00f6sterdi. Taraftarlar, ma\u00e7 ba\u015flamadan evvel Ancelotti ve Aurelien Tchouameni&#8217;yi \u0131sl\u0131klad\u0131.<\/p>\n<p> Bu sonucun akabinde Real Madrid, Kral Kupas\u0131&#8217;nda t\u0131p atlad\u0131. Celta Vigo, kupaya veda etti.<\/p>\n<p> Real Madrid, ligin bir sonraki haftas\u0131nda Las Palmas ile alan\u0131nda kar\u015f\u0131la\u015facak. Celta Vigo ise meskeninde Athletic Bilbao&#8217;yu konuk edecek.<\/p>\n<p>https:\/\/twitter.com\/sporxtv\/status\/1880014967417786862<\/p>\n<p>https:\/\/twitter.com\/sporxtv\/status\/1880027001559609620<\/p>\n<p>https:\/\/twitter.com\/sporxtv\/status\/1880029938650321101<\/p>\n<p>https:\/\/twitter.com\/sporxtv\/status\/1880027693795930341<\/p>\n<\/p><\/div>\n","protected":false},"excerpt":{"rendered":"<p>\u0130spanya Kral Kupas\u0131&#8217;nda Real Madrid, Celta Vigo kar\u015f\u0131s\u0131nda 2-0 \u00f6ne ge\u00e7ti\u011fi ma\u00e7ta 2-2&#8217;ye yakaland\u0131 ve ma\u00e7 uzatmalara gitti. Real Madrid, uzatmalarda rakibini 5-2 ma\u011flup ederek cins atlad\u0131. Real Madrid&#8217;de Arda G\u00fcler, 2 asist yapt\u0131.<\/p>\n","protected":false},"author":1,"featured_media":6394,"comment_status":"open","ping_status":"open","sticky":false,"template":"","format":"standard","meta":{"footnotes":""},"categories":[25],"tags":[864,499,50,364],"class_list":["post-6393","post","type-post","status-publish","format-standard","has-post-thumbnail","hentry","category-futbol","tag-arda","tag-celta-vigo","tag-mac","tag-real-madrid"],"_links":{"self":[{"href":"https:\/\/haberbesiktas.tr\/index.php?rest_route=\/wp\/v2\/posts\/6393","targetHints":{"allow":["GET"]}}],"collection":[{"href":"https:\/\/haberbesiktas.tr\/index.php?rest_route=\/wp\/v2\/posts"}],"about":[{"href":"https:\/\/haberbesiktas.tr\/index.php?rest_route=\/wp\/v2\/types\/post"}],"author":[{"embeddable":true,"href":"https:\/\/haberbesiktas.tr\/index.php?rest_route=\/wp\/v2\/users\/1"}],"replies":[{"embeddable":true,"href":"https:\/\/haberbesiktas.tr\/index.php?rest_route=%2Fwp%2Fv2%2Fcomments&post=6393"}],"version-history":[{"count":1,"href":"https:\/\/haberbesiktas.tr\/index.php?rest_route=\/wp\/v2\/posts\/6393\/revisions"}],"predecessor-version":[{"id":6395,"href":"https:\/\/haberbesiktas.tr\/index.php?rest_route=\/wp\/v2\/posts\/6393\/revisions\/6395"}],"wp:featuredmedia":[{"embeddable":true,"href":"https:\/\/haberbesiktas.tr\/index.php?rest_route=\/wp\/v2\/media\/6394"}],"wp:attachment":[{"href":"https:\/\/haberbesiktas.tr\/index.php?rest_route=%2Fwp%2Fv2%2Fmedia&parent=6393"}],"wp:term":[{"taxonomy":"category","embeddable":true,"href":"https:\/\/haberbesiktas.tr\/index.php?rest_route=%2Fwp%2Fv2%2Fcategories&post=6393"},{"taxonomy":"post_tag","embeddable":true,"href":"https:\/\/haberbesiktas.tr\/index.php?rest_route=%2Fwp%2Fv2%2Ftags&post=6393"}],"curies":[{"name":"wp","href":"https:\/\/api.w.org\/{rel}","templated":true}]}}