{"id":6396,"date":"2025-01-26T05:59:41","date_gmt":"2025-01-26T05:59:41","guid":{"rendered":"https:\/\/haberbesiktas.tr\/?p=6396"},"modified":"2025-01-26T05:59:41","modified_gmt":"2025-01-26T05:59:41","slug":"federasyondan-hakemleri-uzecek-karar","status":"publish","type":"post","link":"https:\/\/haberbesiktas.tr\/?p=6396","title":{"rendered":"Federasyondan hakemleri \u00fczecek karar!"},"content":{"rendered":"<div>Hakem ve G\u00f6r\u00fcnt\u00fc Asistan Hakemlerin (VAR) birinci yar\u0131daki makus performanslar\u0131 de\u011ferliye patlad\u0131. Futbol Federasyonu ligin ikinci yar\u0131s\u0131nda hakem fiyatlar\u0131na yapmay\u0131 planlad\u0131\u011f\u0131 y\u00fczde y\u00fcz art\u0131r\u0131m\u0131 iptal etti.<\/p>\n<p> Milliyet&#8217;ten Cemal Ersen&#8217;in haberine nazaran, d\u00f6nem ba\u015f\u0131ndan bu yana hakemlerin alanda, VAR&#8217;\u0131n ise Riva&#8217;da kabul edilmesi g\u00fc\u00e7 yanl\u0131\u015f kararlar\u0131na kul\u00fcpler de b\u00fcy\u00fck reaksiyon g\u00f6sterince, <strong>&#8220;kara haberi&#8221;<\/strong> \u015fahsen Futbol Federasyonu Lideri \u0130brahim Hac\u0131osmano\u011flu verdi.<\/p>\n<p> <strong>HACIOSMANO\u011eLU&#8217;NUN S\u00d6ZLER\u0130<\/strong><\/p>\n<p> Hafta i\u00e7inde \u0130stanbul&#8217;da ger\u00e7ekle\u015ftirilen atletik testlerin akabinde geni\u015f hakem tak\u0131m\u0131yla sohbet toplant\u0131s\u0131 yapan Hac\u0131osmano\u011flu, <strong>&#8220;Ne istediyseniz yapmaya \u00e7al\u0131\u015f\u0131yoruz. Lakin kendinize ve bize laf ettirmenizi kabul edemiyorum. Misyona geldi\u011fim g\u00fcnden bu yana gerek ben, gerek MHK liderimiz s\u00f6yl\u00fcyoruz; kimseden korkmay\u0131n. Korkacaksan\u0131z benden korkun, ancak buna da yer haz\u0131rlamay\u0131n. \u0130\u015fte bu y\u00fczden \u00fccretlerinize yapmay\u0131 d\u00fc\u015f\u00fcnd\u00fc\u011f\u00fcm\u00fcz art\u0131r\u0131m\u0131 ger\u00e7ekle\u015ftiremeyece\u011fiz. \u0130leride yeni bir k\u0131ymetlendirme yapabiliriz&#8221;<\/strong> diye konu\u015ftu.<\/p>\n<p> 2024-25 sezonunda S\u00fcper Lig&#8217;de hakemlerin ma\u00e7 ba\u015f\u0131 30 bin, yard\u0131mc\u0131lar\u0131n 13 bin 200, VAR hakemlerinin 15 bin, AVAR&#8217;\u0131n ise 7 bin 500 TL fiyat alaca\u011f\u0131 duyurulmu\u015ftu.<\/p>\n<p> Hac\u0131osmano\u011flu&#8217;nun a\u00e7\u0131klamas\u0131 hakemleri \u00fczerken, teselli edici karar d\u00f6nem ba\u015f\u0131nda MHK taraf\u0131ndan olu\u015fturulan havuza dahil edilen 1. lig hakemlerinin de art\u0131k ma\u00e7 fiyat\u0131 almas\u0131na imkan tan\u0131nmas\u0131 oldu.<\/p>\n<p> <strong>&#8220;AYAKLARINIZI DENK ALIN&#8221;<\/strong><\/p>\n<p> TFF Ba\u015fkan\u0131 \u0130brahim Hac\u0131osmano\u011flu&#8217;nun hakem yan\u0131lg\u0131lar\u0131 d\u0131\u015f\u0131nda reaksiyon g\u00f6sterdi\u011fi \u00f6teki mevzu ise tak\u0131mdaki birtak\u0131m isimlerin mevcut TFF ve MHK&#8217;ye bi\u00e7ti\u011fi m\u00fcddet oldu. Lider; &#8220;<strong>\u00c7ok \u00e2l\u00e2 biliyorum ki ge\u00e7mi\u015fin kal\u0131nt\u0131lar\u0131n\u0131 ta\u015f\u0131yan birtak\u0131m hakemler var ortam\u0131zda. Burada isimlerini a\u00e7\u0131klay\u0131p ref\u00fcze etmek istemiyorum. Federasyona ve MHK&#8217;ye \u00fc\u00e7 ay \u00f6m\u00fcr bi\u00e7enleri uyar\u0131yorum, ayaklar\u0131n\u0131z\u0131 denk al\u0131n&#8221;<\/strong> diye konu\u015ftu\u011fu belirtildi.<\/p>\n<p> <strong>&#8220;BU S\u00d6ZLER\u0130 NASIL DUYMAZSIN?&#8221;<\/strong><\/p>\n<p> TFF Ba\u015fkan\u0131 \u0130brahim Hac\u0131osmano\u011flu hakemlerle yapt\u0131\u011f\u0131 toplant\u0131da kimi durum \u00fczerinden net tenkitlerini de lisana getirdi. Galatasaray- G\u00f6ztepe ma\u00e7\u0131nda Bar\u0131\u015f Alper Y\u0131lmaz&#8217;\u0131n yard\u0131mc\u0131 hakeme etti\u011fi k\u00fcf\u00fcrlerin kameralara yans\u0131mas\u0131 sonras\u0131 Deniz Caner \u00d6zaral&#8217;a <strong>&#8220;Bu s\u00f6zleri nas\u0131l duymazs\u0131n?&#8221;<\/strong> sorusunu y\u00f6neltti. Gen\u00e7 hakemin,<strong> &#8220;Ba\u015fkan\u0131m, o anda oyuncu de\u011fi\u015fikli\u011fi i\u00e7in kar\u015f\u0131 tarafa bak\u0131yordum. Benim de annem Trabzonlu, ona k\u00fcf\u00fcr ettirir miyim?&#8221;<\/strong> cevab\u0131 salonda g\u00fcl\u00fc\u015fmelere yol a\u00e7t\u0131 ve gergin atmosfer da\u011f\u0131ld\u0131.<\/p>\n<p> <strong>&#8220;HATAYI YAPAN BEDEL\u0130N\u0130 \u00d6DEYECEK&#8221;<\/strong><\/p>\n<p> Liderin ikinci \u00f6rne\u011finde maksat, Trabzonspor- Galatasaray ma\u00e7\u0131nda Yunus Akg\u00fcl&#8217;\u00fcn rakibine att\u0131\u011f\u0131 dirse\u011fi es ge\u00e7en VAR hakemi ile hakem Kadir Sa\u011flam oldu. Durumun atlanmas\u0131n\u0131 kabul etmedi\u011fini s\u00f6yleyen Hac\u0131osmano\u011flu,<strong> &#8220;Hatay\u0131 yapan bedelini \u00f6deyecek&#8221;<\/strong> s\u00f6zlerini kulland\u0131. Hac\u0131osmano\u011flu son Konyaspor-Fenerbah\u00e7e ma\u00e7\u0131nda Kostic&#8217;in att\u0131\u011f\u0131 dirse\u011fin g\u00f6zden ka\u00e7\u0131r\u0131lmas\u0131na da reaksiyon verdi.<\/p>\n<p> <strong>&#8220;BU BU T\u00dcRL\u00dc G\u0130TMEZ&#8221;<\/strong><\/p>\n<p> Hac\u0131osmano\u011flu, ligin ikinci yar\u0131s\u0131 ile ilgili olarak da <strong>&#8220;Bu i\u015f bu t\u00fcrl\u00fc gitmez. \u0130ki kul\u00fcp ortas\u0131ndaki anlams\u0131z \u00e7eki\u015fmeden ba\u015fta Trabzonspor olmak \u00fczere ligdeki t\u00fcm kadrolar olumsuz etkileniyor. Biz daima do\u011fruyu bulman\u0131n eforu i\u00e7indeyiz. Geldi\u011fimiz noktaya bak\u0131n. VAR&#8217;a g\u00fcveniyorum, yan\u0131lg\u0131 yapmalar\u0131n\u0131 kabul edemem dedim, ya\u015fad\u0131klar\u0131m\u0131z ortada. \u0130\u015fte bu haftadan itibaren yerinize yabanc\u0131 VAR hakemleri nazaran yapacak. Beni de kendinizi de art\u0131k daha g\u00fc\u00e7 durumda b\u0131rakmay\u0131n&#8221;<\/strong> formunda konu\u015ftu\u011fu \u00f6\u011frenildi.<\/p>\n<\/div>\n","protected":false},"excerpt":{"rendered":"<p>T\u00fcrkiye Futbol Federasyonu, ligin ikinci yar\u0131s\u0131nda hakem fiyatlar\u0131na yapmay\u0131 planlad\u0131\u011f\u0131 y\u00fczde y\u00fcz art\u0131r\u0131m\u0131 mak\u00fbs performanslar nedeniyle iptal etti.<\/p>\n","protected":false},"author":1,"featured_media":6397,"comment_status":"open","ping_status":"open","sticky":false,"template":"","format":"standard","meta":{"footnotes":""},"categories":[25],"tags":[171,774,62,51,50],"class_list":["post-6396","post","type-post","status-publish","format-standard","has-post-thumbnail","hentry","category-futbol","tag-baskani","tag-haciosmanoglu","tag-hakem","tag-lig","tag-mac"],"_links":{"self":[{"href":"https:\/\/haberbesiktas.tr\/index.php?rest_route=\/wp\/v2\/posts\/6396","targetHints":{"allow":["GET"]}}],"collection":[{"href":"https:\/\/haberbesiktas.tr\/index.php?rest_route=\/wp\/v2\/posts"}],"about":[{"href":"https:\/\/haberbesiktas.tr\/index.php?rest_route=\/wp\/v2\/types\/post"}],"author":[{"embeddable":true,"href":"https:\/\/haberbesiktas.tr\/index.php?rest_route=\/wp\/v2\/users\/1"}],"replies":[{"embeddable":true,"href":"https:\/\/haberbesiktas.tr\/index.php?rest_route=%2Fwp%2Fv2%2Fcomments&post=6396"}],"version-history":[{"count":1,"href":"https:\/\/haberbesiktas.tr\/index.php?rest_route=\/wp\/v2\/posts\/6396\/revisions"}],"predecessor-version":[{"id":6398,"href":"https:\/\/haberbesiktas.tr\/index.php?rest_route=\/wp\/v2\/posts\/6396\/revisions\/6398"}],"wp:featuredmedia":[{"embeddable":true,"href":"https:\/\/haberbesiktas.tr\/index.php?rest_route=\/wp\/v2\/media\/6397"}],"wp:attachment":[{"href":"https:\/\/haberbesiktas.tr\/index.php?rest_route=%2Fwp%2Fv2%2Fmedia&parent=6396"}],"wp:term":[{"taxonomy":"category","embeddable":true,"href":"https:\/\/haberbesiktas.tr\/index.php?rest_route=%2Fwp%2Fv2%2Fcategories&post=6396"},{"taxonomy":"post_tag","embeddable":true,"href":"https:\/\/haberbesiktas.tr\/index.php?rest_route=%2Fwp%2Fv2%2Ftags&post=6396"}],"curies":[{"name":"wp","href":"https:\/\/api.w.org\/{rel}","templated":true}]}}